{"id":103543,"date":"2023-04-17T16:36:10","date_gmt":"2023-04-17T21:36:10","guid":{"rendered":"https:\/\/nvnoticias.mx\/?p=103543"},"modified":"2023-04-17T16:36:11","modified_gmt":"2023-04-17T21:36:11","slug":"publican-primeras-imagenes-de-ariana-grande-como-glinda-en-wicked","status":"publish","type":"post","link":"https:\/\/nvnoticias.mx\/index.php\/2023\/04\/17\/publican-primeras-imagenes-de-ariana-grande-como-glinda-en-wicked\/","title":{"rendered":"Publican primeras im\u00e1genes de Ariana Grande como Glinda en Wicked"},"content":{"rendered":"\n<p>Los fan\u00e1ticos ahora pueden ver por primera vez a Ariana Grande en su respectivo pape en la pel\u00edcula Wicked como Glinda, y es perversamente incre\u00edble.<\/p>\n\n\n\n<p>El 16 de abril, la p\u00e1gina oficial de Instagram de la pel\u00edcula comparti\u00f3 dos fotos, una de Ariana vistiendo un vestido rosa mientras sub\u00eda unas escaleras de madera y otra de Cynthia sosteniendo una escoba mientras vest\u00eda un sombrero de bruja negro y un vestido a juego.<\/p>\n\n\n\n<p>El director\u00a0Jon M. Chu\u00a0comparti\u00f3 esas instant\u00e1neas en su propio Instagram el mismo d\u00eda, junto con un mensaje sobre la muy esperada adaptaci\u00f3n cinematogr\u00e1fica.<\/p>\n\n\n\n<blockquote class=\"wp-block-quote is-layout-flow wp-block-quote-is-layout-flow\"><p>&#8220;No te contaron toda la historia. \u00bfQu\u00e9 sucede cuando te desv\u00edas del camino de ladrillos amarillos?&#8221; escribi\u00f3. &#8220;PRIMERA VISTA de #WickedMovie&#8230; actualmente en producci\u00f3n en Oz&#8221;.<\/p><\/blockquote>\n\n\n\n<p>\u00bfCu\u00e1ndo los espectadores ver\u00e1n por completo este proyecto? La pel\u00edcula llegar\u00e1 a los cines en noviembre de 2024, un mes antes de lo planeado originalmente.<\/p>\n\n\n\n<blockquote class=\"wp-block-quote is-layout-flow wp-block-quote-is-layout-flow\"><p>&#8220;Estamos muy metidos en la producci\u00f3n de WICKED y cada d\u00eda nos emocionamos m\u00e1s y m\u00e1s por compartir con ustedes las travesuras que hemos estado haciendo&#8221;, escribi\u00f3 Jon en un tuit del 14 de marzo. &#8220;As\u00ed que&#8230; hemos decidido entreg\u00e1rselo a todos un poco antes de lo planeado. \u00a1NUESTRA NUEVA FECHA DE LANZAMIENTO es el 27 de NOVIEMBRE de 2024! \u00a1Un peque\u00f1o obsequio de Acci\u00f3n de Gracias!&#8221;<\/p><\/blockquote>\n\n\n\n<p>M\u00e1s tarde en marzo, el hermano de Ariana,\u00a0Frankie Grande, le dijo en exclusiva a E! News\u00a0sobre el proceso de audici\u00f3n de su hermana y el momento en que ella le dijo que consigui\u00f3 el papel.<\/p>\n\n\n\n<blockquote class=\"wp-block-quote is-layout-flow wp-block-quote-is-layout-flow\"><p>&#8220;Ella trabaj\u00f3 muy, muy, muy, muy, muy duro en el proceso de audici\u00f3n y me dej\u00f3 entrar despu\u00e9s y me cont\u00f3 c\u00f3mo fue cada uno de ellos&#8221;, record\u00f3 Frankie. &#8220;Recuerdo que cuando me dijo que lo hab\u00eda reservado, los dos nos echamos a llorar juntos. Porque era algo con lo que hab\u00eda estado so\u00f1ando toda su vida&#8221;.<\/p><\/blockquote>\n\n\n\n<p>Fuente:<a href=\"https:\/\/www.eonline.com\/mx\/news\/1371598\/ve-a-ariana-grande-y-cynthia-erivo-como-glinda-y-elphaba-en-wicked\" data-type=\"URL\" data-id=\"https:\/\/www.eonline.com\/mx\/news\/1371598\/ve-a-ariana-grande-y-cynthia-erivo-como-glinda-y-elphaba-en-wicked\"> E!<\/a><\/p>\n","protected":false},"excerpt":{"rendered":"<p>Los fan\u00e1ticos ahora pueden ver por primera vez a Ariana Grande en su respectivo pape en la pel\u00edcula Wicked como Glinda, y es perversamente incre\u00edble. El 16 de abril, la p\u00e1gina oficial de Instagram de la pel\u00edcula comparti\u00f3 dos fotos, una de Ariana vistiendo un vestido rosa mientras sub\u00eda unas escaleras de madera y otra [&hellip;]<\/p>\n","protected":false},"author":35,"featured_media":103545,"comment_status":"open","ping_status":"open","sticky":false,"template":"","format":"standard","meta":{"_monsterinsights_skip_tracking":false,"_monsterinsights_sitenote_active":false,"_monsterinsights_sitenote_note":"","_monsterinsights_sitenote_category":0,"footnotes":""},"categories":[576],"tags":[23,24642,24643],"class_list":["post-103543","post","type-post","status-publish","format-standard","has-post-thumbnail","hentry","category-ocio","tag-ariana-grande","tag-guinda","tag-wicked","wp-image-borders"],"amp_enabled":true,"_links":{"self":[{"href":"https:\/\/nvnoticias.mx\/index.php\/wp-json\/wp\/v2\/posts\/103543","targetHints":{"allow":["GET"]}}],"collection":[{"href":"https:\/\/nvnoticias.mx\/index.php\/wp-json\/wp\/v2\/posts"}],"about":[{"href":"https:\/\/nvnoticias.mx\/index.php\/wp-json\/wp\/v2\/types\/post"}],"author":[{"embeddable":true,"href":"https:\/\/nvnoticias.mx\/index.php\/wp-json\/wp\/v2\/users\/35"}],"replies":[{"embeddable":true,"href":"https:\/\/nvnoticias.mx\/index.php\/wp-json\/wp\/v2\/comments?post=103543"}],"version-history":[{"count":7,"href":"https:\/\/nvnoticias.mx\/index.php\/wp-json\/wp\/v2\/posts\/103543\/revisions"}],"predecessor-version":[{"id":103551,"href":"https:\/\/nvnoticias.mx\/index.php\/wp-json\/wp\/v2\/posts\/103543\/revisions\/103551"}],"wp:featuredmedia":[{"embeddable":true,"href":"https:\/\/nvnoticias.mx\/index.php\/wp-json\/wp\/v2\/media\/103545"}],"wp:attachment":[{"href":"https:\/\/nvnoticias.mx\/index.php\/wp-json\/wp\/v2\/media?parent=103543"}],"wp:term":[{"taxonomy":"category","embeddable":true,"href":"https:\/\/nvnoticias.mx\/index.php\/wp-json\/wp\/v2\/categories?post=103543"},{"taxonomy":"post_tag","embeddable":true,"href":"https:\/\/nvnoticias.mx\/index.php\/wp-json\/wp\/v2\/tags?post=103543"}],"curies":[{"name":"wp","href":"https:\/\/api.w.org\/{rel}","templated":true}]}}