{"id":103525,"date":"2023-04-17T15:17:46","date_gmt":"2023-04-17T20:17:46","guid":{"rendered":"https:\/\/nvnoticias.mx\/?p=103525"},"modified":"2023-04-17T15:17:47","modified_gmt":"2023-04-17T20:17:47","slug":"feyenoord-presume-a-santi-gimenez-como-figura","status":"publish","type":"post","link":"https:\/\/nvnoticias.mx\/index.php\/2023\/04\/17\/feyenoord-presume-a-santi-gimenez-como-figura\/","title":{"rendered":"Feyenoord presume a Santi Gim\u00e9nez como figura"},"content":{"rendered":"\n<p>Santiago Gim\u00e9nez\u00a0es el futbolista mexicano de moda en el futbol de Europa, ya que est\u00e1 en una gran racha anotadora con el Feyenoord, equipo con el que el domingo anot\u00f3 nuevamente para llegar a 11 tantos en la\u00a0Eredivisie\u00a0en el triunfo por 3-0 sobre el Cambuur en calidad de visitante\u00a0en actividad de la Jornada 29 del campeonato.<\/p>\n\n\n\n<p>Con su tanto del domingo, el mexicano lleg\u00f3 al total de 19 anotaciones en toda la temporada para ponerse a s\u00f3lo a un gol de la marca de\u00a0Javier &#8216;Chicharito&#8217; Hern\u00e1ndez\u00a0y\u00a0Luis Garc\u00eda\u00a0en la primera temporada en Europa con 20.<\/p>\n\n\n\n<p>Debido a estas cifras, el Feyenoord presumi\u00f3 al mexicano en sus redes sociales con una foto y un mensaje que deja claro el cari\u00f1o que se ha ganado en el club de los Pa\u00edses bajos.,<\/p>\n\n\n\n<blockquote class=\"wp-block-quote is-layout-flow wp-block-quote-is-layout-flow\"><p>\u201c<em>Desde M\u00e9xico hasta Leeuwarden, todos amamos a Santi<\/em>\u201d, dice la publicaci\u00f3n en Instagram del club donde milita el Bebote, la cual va a acompa\u00f1a de una foto del exdelantero del Cruz Azul posando para una selfie con un aficionado.<\/p><\/blockquote>\n\n\n\n<p>Con el triunfo del domingo,\u00a0el Feyenoord se acerc\u00f3 m\u00e1s al t\u00edtulo de liga de la Eredivisie con 70 puntos\u00a0a falta cinco jornadas por terminar el campeonato.<\/p>\n\n\n\n<p>Fuente: <a href=\"https:\/\/www.tudn.com\/futbol\/dutch-eredivisie\/feyenoord-presume-a-santi-gimenez-como-figura-y-recuerda-que-todos-lo-amamos\">TUDN<\/a><\/p>\n","protected":false},"excerpt":{"rendered":"<p>Santiago Gim\u00e9nez\u00a0es el futbolista mexicano de moda en el futbol de Europa, ya que est\u00e1 en una gran racha anotadora con el Feyenoord, equipo con el que el domingo anot\u00f3 nuevamente para llegar a 11 tantos en la\u00a0Eredivisie\u00a0en el triunfo por 3-0 sobre el Cambuur en calidad de visitante\u00a0en actividad de la Jornada 29 del [&hellip;]<\/p>\n","protected":false},"author":8,"featured_media":103531,"comment_status":"open","ping_status":"open","sticky":false,"template":"","format":"standard","meta":{"_monsterinsights_skip_tracking":false,"_monsterinsights_sitenote_active":false,"_monsterinsights_sitenote_note":"","_monsterinsights_sitenote_category":0,"footnotes":""},"categories":[159],"tags":[24641,17732,17699],"class_list":["post-103525","post","type-post","status-publish","format-standard","has-post-thumbnail","hentry","category-deportes","tag-eredivisie","tag-feyenoord","tag-santiago-gimenez","wp-image-borders"],"amp_enabled":true,"_links":{"self":[{"href":"https:\/\/nvnoticias.mx\/index.php\/wp-json\/wp\/v2\/posts\/103525","targetHints":{"allow":["GET"]}}],"collection":[{"href":"https:\/\/nvnoticias.mx\/index.php\/wp-json\/wp\/v2\/posts"}],"about":[{"href":"https:\/\/nvnoticias.mx\/index.php\/wp-json\/wp\/v2\/types\/post"}],"author":[{"embeddable":true,"href":"https:\/\/nvnoticias.mx\/index.php\/wp-json\/wp\/v2\/users\/8"}],"replies":[{"embeddable":true,"href":"https:\/\/nvnoticias.mx\/index.php\/wp-json\/wp\/v2\/comments?post=103525"}],"version-history":[{"count":1,"href":"https:\/\/nvnoticias.mx\/index.php\/wp-json\/wp\/v2\/posts\/103525\/revisions"}],"predecessor-version":[{"id":103532,"href":"https:\/\/nvnoticias.mx\/index.php\/wp-json\/wp\/v2\/posts\/103525\/revisions\/103532"}],"wp:featuredmedia":[{"embeddable":true,"href":"https:\/\/nvnoticias.mx\/index.php\/wp-json\/wp\/v2\/media\/103531"}],"wp:attachment":[{"href":"https:\/\/nvnoticias.mx\/index.php\/wp-json\/wp\/v2\/media?parent=103525"}],"wp:term":[{"taxonomy":"category","embeddable":true,"href":"https:\/\/nvnoticias.mx\/index.php\/wp-json\/wp\/v2\/categories?post=103525"},{"taxonomy":"post_tag","embeddable":true,"href":"https:\/\/nvnoticias.mx\/index.php\/wp-json\/wp\/v2\/tags?post=103525"}],"curies":[{"name":"wp","href":"https:\/\/api.w.org\/{rel}","templated":true}]}}