{"id":103511,"date":"2023-04-17T14:25:13","date_gmt":"2023-04-17T19:25:13","guid":{"rendered":"https:\/\/nvnoticias.mx\/?p=103511"},"modified":"2023-04-17T14:26:19","modified_gmt":"2023-04-17T19:26:19","slug":"el-baluarte-de-santiago-seguira-cerrado-porque-no-se-encuentra-en-buenas-condiciones","status":"publish","type":"post","link":"https:\/\/nvnoticias.mx\/index.php\/2023\/04\/17\/el-baluarte-de-santiago-seguira-cerrado-porque-no-se-encuentra-en-buenas-condiciones\/","title":{"rendered":"El Baluarte De Santiago seguir\u00e1 cerrado, porque no se encuentra en buenas condiciones"},"content":{"rendered":"\n<p><strong>Jes\u00fas Utrilla \/ NV Noticias<\/strong><\/p>\n\n\n\n<p>El Baluarte De Santiago seguir\u00e1 cerrado porque necesita mantenimiento, el delegado del Instituto Nacional de Antropolog\u00eda e Historia (INAH) en Veracruz, Jos\u00e9 Manuel Ba\u00f1uelos Ledesma, dijo que lo que se hab\u00eda hecho se perdi\u00f3 en pandemia y hay que volver a empezar.<\/p>\n\n\n\n<p>La reapertura del inmueble estaba programada para 2019, sin embargo, a consecuencia de la emergencia sanitaria del Covid no se efectu\u00f3 en tiempo y forma. Ahora se necesita por lo menos un mill\u00f3n de pesos para rehabilitarlo.<\/p>\n\n\n\n<p>El dinero ya se solicit\u00f3 pero no hay respuesta ni fecha para llevar a cabo las acciones y permitir nuevamente el acceso.<\/p>\n\n\n\n<blockquote class=\"wp-block-quote is-layout-flow wp-block-quote-is-layout-flow\"><p>&#8220;<em>No est\u00e1 en condiciones ni el mobiliario, ni la restauraci\u00f3n, se iba a abrir en el 2019 pero se atraviesa la crisis sanitaria, no se abre, no se le da mantenimiento que requiere, a partir de su uso, y hay que volver a retomar. Hay que diagnosticar para saber lo que se requiere, el presupuesto que se necesita es menor al mill\u00f3n de pesos, los cuales se est\u00e1n solicitando<\/em>&#8220;.<\/p><\/blockquote>\n\n\n\n<p>Aclar\u00f3 que el inmueble no representa riesgo para las personas, no obstante, las condiciones actuales s\u00ed afectan su conservaci\u00f3n. Especialistas ya se encuentran trabajando para dar a conocer las condiciones f\u00edsicas y presentarlo ante las autoridades del INAH.<\/p>\n\n\n\n<blockquote class=\"wp-block-quote is-layout-flow wp-block-quote-is-layout-flow\"><p><em>&#8220;No hay una fecha espec\u00edfica para, pero esperemos que pueda ser este a\u00f1o, muchas circunstancias se complicaron m\u00e1s con la pandemia, con la crisis sanitaria, no est\u00e1 en condiciones, ni su mobiliario ni la restauraci\u00f3n<\/em>&#8220;.<\/p><\/blockquote>\n\n\n\n<p>Confi\u00f3 que pronto se autorice el mill\u00f3n de pesos que se necesita para rehabilitar el Baluarte Santiago y poderlo reabrir este mismo a\u00f1o.<\/p>\n","protected":false},"excerpt":{"rendered":"<p>Jes\u00fas Utrilla \/ NV Noticias El Baluarte De Santiago seguir\u00e1 cerrado porque necesita mantenimiento, el delegado del Instituto Nacional de Antropolog\u00eda e Historia (INAH) en Veracruz, Jos\u00e9 Manuel Ba\u00f1uelos Ledesma, dijo que lo que se hab\u00eda hecho se perdi\u00f3 en pandemia y hay que volver a empezar. La reapertura del inmueble estaba programada para 2019, [&hellip;]<\/p>\n","protected":false},"author":8,"featured_media":103512,"comment_status":"open","ping_status":"open","sticky":false,"template":"","format":"standard","meta":{"_monsterinsights_skip_tracking":false,"_monsterinsights_sitenote_active":false,"_monsterinsights_sitenote_note":"","_monsterinsights_sitenote_category":0,"footnotes":""},"categories":[154],"tags":[12842],"class_list":["post-103511","post","type-post","status-publish","format-standard","has-post-thumbnail","hentry","category-veracruz","tag-baluarte-de-santiago","wp-image-borders"],"amp_enabled":true,"_links":{"self":[{"href":"https:\/\/nvnoticias.mx\/index.php\/wp-json\/wp\/v2\/posts\/103511","targetHints":{"allow":["GET"]}}],"collection":[{"href":"https:\/\/nvnoticias.mx\/index.php\/wp-json\/wp\/v2\/posts"}],"about":[{"href":"https:\/\/nvnoticias.mx\/index.php\/wp-json\/wp\/v2\/types\/post"}],"author":[{"embeddable":true,"href":"https:\/\/nvnoticias.mx\/index.php\/wp-json\/wp\/v2\/users\/8"}],"replies":[{"embeddable":true,"href":"https:\/\/nvnoticias.mx\/index.php\/wp-json\/wp\/v2\/comments?post=103511"}],"version-history":[{"count":2,"href":"https:\/\/nvnoticias.mx\/index.php\/wp-json\/wp\/v2\/posts\/103511\/revisions"}],"predecessor-version":[{"id":103514,"href":"https:\/\/nvnoticias.mx\/index.php\/wp-json\/wp\/v2\/posts\/103511\/revisions\/103514"}],"wp:featuredmedia":[{"embeddable":true,"href":"https:\/\/nvnoticias.mx\/index.php\/wp-json\/wp\/v2\/media\/103512"}],"wp:attachment":[{"href":"https:\/\/nvnoticias.mx\/index.php\/wp-json\/wp\/v2\/media?parent=103511"}],"wp:term":[{"taxonomy":"category","embeddable":true,"href":"https:\/\/nvnoticias.mx\/index.php\/wp-json\/wp\/v2\/categories?post=103511"},{"taxonomy":"post_tag","embeddable":true,"href":"https:\/\/nvnoticias.mx\/index.php\/wp-json\/wp\/v2\/tags?post=103511"}],"curies":[{"name":"wp","href":"https:\/\/api.w.org\/{rel}","templated":true}]}}