{"id":103502,"date":"2023-04-17T14:15:54","date_gmt":"2023-04-17T19:15:54","guid":{"rendered":"https:\/\/nvnoticias.mx\/?p=103502"},"modified":"2023-04-17T14:15:54","modified_gmt":"2023-04-17T19:15:54","slug":"companias-cableras-deberan-quitar-tendederos-del-centro-de-veracruz-o-seran-multadas","status":"publish","type":"post","link":"https:\/\/nvnoticias.mx\/index.php\/2023\/04\/17\/companias-cableras-deberan-quitar-tendederos-del-centro-de-veracruz-o-seran-multadas\/","title":{"rendered":"Compa\u00f1\u00edas cableras deber\u00e1n quitar tendederos del centro de Veracruz o ser\u00e1n multadas"},"content":{"rendered":"\n<p><strong>Jes\u00fas Utrilla \/ NV Noticias<\/strong><\/p>\n\n\n\n<p>La&nbsp;&nbsp;Comisi\u00f3n Federal de Electricidad deber\u00e1 retirar los transformadores que se encuentran en las banquetas del centro de Veracruz. Luis Rom\u00e1n Campa P\u00e9rez, director de Obras P\u00fablicas, dijo que requerir\u00e1n a empresas para quitar cableado a\u00e9reo.&nbsp;<\/p>\n\n\n\n<p>Tambi\u00e9n exigir\u00e1n que edificios particulares arreglen los registros del drenaje que est\u00e1 en las banquetas porque a veces no tienen tapas y la gente no puede caminar adecuadamente y de forma segura.<\/p>\n\n\n\n<p>Explic\u00f3 que como parte del nuevo reglamento del centro hist\u00f3rico, CFE tendr\u00e1 que quitar los transformadores que se encuentran obstruyendo las banquetas y las compa\u00f1\u00edas deber\u00e1n arreglar sus registros.&nbsp;<\/p>\n\n\n\n<blockquote class=\"wp-block-quote is-layout-flow wp-block-quote-is-layout-flow\"><p>\u201c<em>No est\u00e1 permitida ninguna infraestructura a\u00e9rea. Se dan seis meses a partir de que sean notificados. Tiene que haber primero una notificaci\u00f3n y a partir de ah\u00ed seis meses para hacer las obras complementarias necesarias para llevar a cabo estas acciones de limpieza tanto del espacio p\u00fablico como a\u00e9reo<\/em>\u201d.\u00a0<\/p><\/blockquote>\n\n\n\n<p>Tambi\u00e9n se exigir\u00e1 que los edificios privados arreglen los registros de drenaje que tienen en la v\u00eda p\u00fablica para permitir que la gente pueda caminar adecuadamente por las banquetas.<\/p>\n\n\n\n<blockquote class=\"wp-block-quote is-layout-flow wp-block-quote-is-layout-flow\"><p>\u201c<em>No tengo una fecha, pero tenemos que empezar a ver cambios a finales de a\u00f1o y el pr\u00f3ximo a\u00f1o ser\u00e1 de grandes cambios al menos en el primer cuadro de la ciudad. No tengo el cat\u00e1logo de multas, pero la m\u00ednima es de 10 mil pesos y la m\u00e1xima de 10 millones de pesos. El tema de los registros es de mucha gente porque hay tambi\u00e9n privados o CEE. Por ejemplo, los drenajes de edificios privados, todos deber\u00e1n estar bien colocados<\/em>\u201d.<\/p><\/blockquote>\n\n\n\n<p>El funcionario municipal dijo que la elaboraci\u00f3n del reglamento fue un trabajo complejo, pero es metodol\u00f3gico para contemplar criterios de mejora regulatoria y simplificar instrumentos legales a fin de alinearse con objetivos mundiales hasta llegar a la esfera municipal.<\/p>\n","protected":false},"excerpt":{"rendered":"<p>Jes\u00fas Utrilla \/ NV Noticias La&nbsp;&nbsp;Comisi\u00f3n Federal de Electricidad deber\u00e1 retirar los transformadores que se encuentran en las banquetas del centro de Veracruz. Luis Rom\u00e1n Campa P\u00e9rez, director de Obras P\u00fablicas, dijo que requerir\u00e1n a empresas para quitar cableado a\u00e9reo.&nbsp; Tambi\u00e9n exigir\u00e1n que edificios particulares arreglen los registros del drenaje que est\u00e1 en las banquetas [&hellip;]<\/p>\n","protected":false},"author":8,"featured_media":103503,"comment_status":"open","ping_status":"open","sticky":false,"template":"","format":"standard","meta":{"_monsterinsights_skip_tracking":false,"_monsterinsights_sitenote_active":false,"_monsterinsights_sitenote_note":"","_monsterinsights_sitenote_category":0,"footnotes":""},"categories":[154],"tags":[24634,306,180],"class_list":["post-103502","post","type-post","status-publish","format-standard","has-post-thumbnail","hentry","category-veracruz","tag-companias-cableras","tag-multas","tag-veracruz","wp-image-borders"],"amp_enabled":true,"_links":{"self":[{"href":"https:\/\/nvnoticias.mx\/index.php\/wp-json\/wp\/v2\/posts\/103502","targetHints":{"allow":["GET"]}}],"collection":[{"href":"https:\/\/nvnoticias.mx\/index.php\/wp-json\/wp\/v2\/posts"}],"about":[{"href":"https:\/\/nvnoticias.mx\/index.php\/wp-json\/wp\/v2\/types\/post"}],"author":[{"embeddable":true,"href":"https:\/\/nvnoticias.mx\/index.php\/wp-json\/wp\/v2\/users\/8"}],"replies":[{"embeddable":true,"href":"https:\/\/nvnoticias.mx\/index.php\/wp-json\/wp\/v2\/comments?post=103502"}],"version-history":[{"count":1,"href":"https:\/\/nvnoticias.mx\/index.php\/wp-json\/wp\/v2\/posts\/103502\/revisions"}],"predecessor-version":[{"id":103504,"href":"https:\/\/nvnoticias.mx\/index.php\/wp-json\/wp\/v2\/posts\/103502\/revisions\/103504"}],"wp:featuredmedia":[{"embeddable":true,"href":"https:\/\/nvnoticias.mx\/index.php\/wp-json\/wp\/v2\/media\/103503"}],"wp:attachment":[{"href":"https:\/\/nvnoticias.mx\/index.php\/wp-json\/wp\/v2\/media?parent=103502"}],"wp:term":[{"taxonomy":"category","embeddable":true,"href":"https:\/\/nvnoticias.mx\/index.php\/wp-json\/wp\/v2\/categories?post=103502"},{"taxonomy":"post_tag","embeddable":true,"href":"https:\/\/nvnoticias.mx\/index.php\/wp-json\/wp\/v2\/tags?post=103502"}],"curies":[{"name":"wp","href":"https:\/\/api.w.org\/{rel}","templated":true}]}}