{"id":1035,"date":"2021-01-13T13:48:39","date_gmt":"2021-01-13T19:48:39","guid":{"rendered":"https:\/\/nvnoticias.mx\/?p=1035"},"modified":"2021-01-13T13:48:40","modified_gmt":"2021-01-13T19:48:40","slug":"colectivos-quieren-inspeccionar-estancia-garnica-para-descartar-fosas-clandestinas","status":"publish","type":"post","link":"https:\/\/nvnoticias.mx\/index.php\/2021\/01\/13\/colectivos-quieren-inspeccionar-estancia-garnica-para-descartar-fosas-clandestinas\/","title":{"rendered":"Colectivos quieren inspeccionar Estancia Garnica para descartar fosas clandestinas"},"content":{"rendered":"\n<p><strong>Sam Ojeda \/ NV Noticias<\/strong><\/p>\n\n\n\n<p>Xalapa.-\u00a0 La vocera del Colectivo Solecito Veracruz, Luc\u00eda de los \u00c1ngeles D\u00edaz Genao, se\u00f1al\u00f3 que buscar\u00e1n ingresar en la Estancia Garnica para revisar la posible existencia de fosas clandestinas.<\/p>\n\n\n\n<p>Esto luego de que se anunci\u00f3 que este inmueble en Xalapa nuevamente ser\u00e1 administrado por el Instituto de Pensiones del Estado (IPE) que encabeza Daniela Griego Ceballos.<\/p>\n\n\n\n<p>Record\u00f3 que en 2011 fue entregado en comodato a la SSP y quieren revisar que sino existen fosas en donde hayan depositado restos de personas desaparecidas.&nbsp;<\/p>\n\n\n\n<blockquote class=\"wp-block-quote is-layout-flow wp-block-quote-is-layout-flow\"><p>&#8220;Lo vamos a solicitar, porque hay muchas declaraciones ya (&#8230;) Si no hay (fosas) qu\u00e9 bueno, pero si llegara a haber, queremos sacarlos ah\u00ed. Si nosotras hici\u00e9ramos la b\u00fasqueda de Garnica ser\u00eda con tiempo y con mucha profundidad, con mucha perseverancia&#8221;.<\/p><\/blockquote>\n\n\n\n<p>Consider\u00f3 necesario que los colectivos puedan ingresar para hacer b\u00fasquedas a profundidad porque temen que haya ah\u00ed v\u00edctimas de desaparici\u00f3n forzada.<\/p>\n\n\n\n<blockquote class=\"wp-block-quote is-layout-flow wp-block-quote-is-layout-flow\"><p>&#8220;Es posible que haya desapariciones forzadas, es posible, pero hay que hacer una b\u00fasqueda a conciencia, exhaustiva, porque en un lugar como Garnica no los van a enterrara flor de tierra, tiene que ser muy profundo&#8221;.<\/p><\/blockquote>\n\n\n\n<p>Este mi\u00e9rcoles integrantes del Colectivo acudieron a las instalaciones de Palacio Legislativo y de la Fiscal\u00eda General del Estado para exigir que se avance en los trabajos de investigaci\u00f3n de personas desaparecidas, ya que dijo hasta ahora han estado estancadas.<\/p>\n","protected":false},"excerpt":{"rendered":"<p>Sam Ojeda \/ NV Noticias Xalapa.-\u00a0 La vocera del Colectivo Solecito Veracruz, Luc\u00eda de los \u00c1ngeles D\u00edaz Genao, se\u00f1al\u00f3 que buscar\u00e1n ingresar en la Estancia Garnica para revisar la posible existencia de fosas clandestinas. Esto luego de que se anunci\u00f3 que este inmueble en Xalapa nuevamente ser\u00e1 administrado por el Instituto de Pensiones del Estado [&hellip;]<\/p>\n","protected":false},"author":6,"featured_media":1038,"comment_status":"open","ping_status":"open","sticky":false,"template":"","format":"standard","meta":{"_monsterinsights_skip_tracking":false,"_monsterinsights_sitenote_active":false,"_monsterinsights_sitenote_note":"","_monsterinsights_sitenote_category":0,"footnotes":""},"categories":[156],"tags":[360,295],"class_list":["post-1035","post","type-post","status-publish","format-standard","has-post-thumbnail","hentry","category-estado","tag-colectivos","tag-fosas","wp-image-borders"],"amp_enabled":true,"_links":{"self":[{"href":"https:\/\/nvnoticias.mx\/index.php\/wp-json\/wp\/v2\/posts\/1035","targetHints":{"allow":["GET"]}}],"collection":[{"href":"https:\/\/nvnoticias.mx\/index.php\/wp-json\/wp\/v2\/posts"}],"about":[{"href":"https:\/\/nvnoticias.mx\/index.php\/wp-json\/wp\/v2\/types\/post"}],"author":[{"embeddable":true,"href":"https:\/\/nvnoticias.mx\/index.php\/wp-json\/wp\/v2\/users\/6"}],"replies":[{"embeddable":true,"href":"https:\/\/nvnoticias.mx\/index.php\/wp-json\/wp\/v2\/comments?post=1035"}],"version-history":[{"count":2,"href":"https:\/\/nvnoticias.mx\/index.php\/wp-json\/wp\/v2\/posts\/1035\/revisions"}],"predecessor-version":[{"id":1040,"href":"https:\/\/nvnoticias.mx\/index.php\/wp-json\/wp\/v2\/posts\/1035\/revisions\/1040"}],"wp:featuredmedia":[{"embeddable":true,"href":"https:\/\/nvnoticias.mx\/index.php\/wp-json\/wp\/v2\/media\/1038"}],"wp:attachment":[{"href":"https:\/\/nvnoticias.mx\/index.php\/wp-json\/wp\/v2\/media?parent=1035"}],"wp:term":[{"taxonomy":"category","embeddable":true,"href":"https:\/\/nvnoticias.mx\/index.php\/wp-json\/wp\/v2\/categories?post=1035"},{"taxonomy":"post_tag","embeddable":true,"href":"https:\/\/nvnoticias.mx\/index.php\/wp-json\/wp\/v2\/tags?post=1035"}],"curies":[{"name":"wp","href":"https:\/\/api.w.org\/{rel}","templated":true}]}}