{"id":103390,"date":"2023-04-16T12:00:00","date_gmt":"2023-04-16T17:00:00","guid":{"rendered":"https:\/\/nvnoticias.mx\/?p=103390"},"modified":"2023-04-17T02:49:56","modified_gmt":"2023-04-17T07:49:56","slug":"confirma-christian-nodal-que-cazzu-esta-embarazada","status":"publish","type":"post","link":"https:\/\/nvnoticias.mx\/index.php\/2023\/04\/16\/confirma-christian-nodal-que-cazzu-esta-embarazada\/","title":{"rendered":"Confirma Christian Nodal que Cazzu est\u00e1 embarazada"},"content":{"rendered":"\n<p>Luego de que Cazzu anunci\u00f3 su embarazo durante un concierto en Argentina, su pareja y padre de su futuro beb\u00e9,&nbsp;<strong>Christian Nodal, confirm\u00f3 la noticia durante su presentaci\u00f3n en el Palenque de la Feria Nacional de San Marcos.<\/strong><\/p>\n\n\n\n<p>El int\u00e9rprete de canciones de regional mexicano se mostr\u00f3 contento de anunciar que ser\u00e1 padre junto a su pareja, la rapera argentina Cazzu. Adem\u00e1s,\u00a0<strong>brome\u00f3 con la situaci\u00f3n mencionando que \u201cya no es un papacito, ahora s\u00ed ser\u00e1 un pap\u00e1\u201d.<\/strong><\/p>\n\n\n\n<blockquote class=\"wp-block-quote is-layout-flow wp-block-quote-is-layout-flow\"><p>\u201cA todos los fans de coraz\u00f3n, que siempre est\u00e1n para mi, que siempre est\u00e1n apoyando, darles la noticia que ya no soy un papacito, ahora s\u00ed soy un pap\u00e1 y quiero agradecerles por todo el apoyo\u201d y finaliz\u00f3 su discurso dando un trago a su bebida acompa\u00f1ado de los gritos euf\u00f3ricos del p\u00fablico.<\/p><p><\/p><\/blockquote>\n\n\n\n<figure class=\"wp-block-embed aligncenter is-type-rich is-provider-twitter wp-block-embed-twitter\"><div class=\"wp-block-embed__wrapper\">\n<blockquote class=\"twitter-tweet\" data-width=\"550\" data-dnt=\"true\"><p lang=\"es\" dir=\"ltr\">As\u00ed di\u00f3 la noticia Christian Nodal ????????  <br>Sin duda una noche inolvidable para todos los presentes! <a href=\"https:\/\/t.co\/3JZSoXyD8h\">pic.twitter.com\/3JZSoXyD8h<\/a><\/p>&mdash; ????Alvin.FORAJIDO (@AlvinMata77) <a href=\"https:\/\/twitter.com\/AlvinMata77\/status\/1647507145754124288?ref_src=twsrc%5Etfw\">April 16, 2023<\/a><\/blockquote><script async src=\"https:\/\/platform.twitter.com\/widgets.js\" charset=\"utf-8\"><\/script>\n<\/div><\/figure>\n\n\n\n<h2 class=\"wp-block-heading\">As\u00ed revel\u00f3 Cazzu su embarazo&nbsp;<\/h2>\n\n\n\n<p>Durante un show en la&nbsp;Movistar Arena, ubicada en Buenos Aires, la cantante revel\u00f3 su pancita de embarazo a sus fans, quienes reaccionaron con una gran ovaci\u00f3n y aplausos.&nbsp;<\/p>\n\n\n\n<p>La noticia r\u00e1pidamente se difundi\u00f3 en redes sociales, pues varios asistentes a la presentaci\u00f3n compartieron fotos y videos de la rapera.<\/p>\n\n\n\n<figure class=\"wp-block-embed aligncenter is-type-rich is-provider-twitter wp-block-embed-twitter\"><div class=\"wp-block-embed__wrapper\">\n<blockquote class=\"twitter-tweet\" data-width=\"550\" data-dnt=\"true\"><p lang=\"es\" dir=\"ltr\">QUE MANERA DE ANUNCIAR UN EMBARAZO QUE REINA <a href=\"https:\/\/t.co\/fIrZP7Sz3k\">pic.twitter.com\/fIrZP7Sz3k<\/a><\/p>&mdash; ???????????? ???? (@SELEN4FT5H) <a href=\"https:\/\/twitter.com\/SELEN4FT5H\/status\/1647398345088827392?ref_src=twsrc%5Etfw\">April 16, 2023<\/a><\/blockquote><script async src=\"https:\/\/platform.twitter.com\/widgets.js\" charset=\"utf-8\"><\/script>\n<\/div><\/figure>\n\n\n\n<h2 class=\"wp-block-heading\"><strong>As\u00ed inici\u00f3 el romance de Cazzu y Nodal<\/strong><\/h2>\n\n\n\n<p>En junio del 2022 se dio a conocer el romance de Christian Nodal y Cazzu. Esto luego de que fuera captado tomado de la mano con la rapera argentina en Guatemala.&nbsp;<\/p>\n\n\n\n<p>En dicho pa\u00eds,&nbsp;compartieron un helado&nbsp;y estuvieron de paseo por las calles.<\/p>\n\n\n\n<p>Anterior a este paseo, Nodal y Cazzu tuvieron un encuentro cuando la argentina comparti\u00f3 el escenario en una de las presentaciones del mexicano, espec\u00edficamente cantando a dueto de manera improvisada la canci\u00f3n Si te falta alguien.<\/p>\n\n\n\n<p>En aquella ocasi\u00f3n, seg\u00fan qued\u00f3 documentado en videos de redes sociales, la argentina apareci\u00f3 primero entre el p\u00fablico, y posteriormente subi\u00f3 al escenario para cantar.<\/p>\n\n\n\n<p>Fuente: <a href=\"https:\/\/www.milenio.com\/espectaculos\/famosos\/christian-nodal-reacciona-embarazo-cazzu-video\">Milenio<\/a><\/p>\n","protected":false},"excerpt":{"rendered":"<p>Luego de que Cazzu anunci\u00f3 su embarazo durante un concierto en Argentina, su pareja y padre de su futuro beb\u00e9,&nbsp;Christian Nodal, confirm\u00f3 la noticia durante su presentaci\u00f3n en el Palenque de la Feria Nacional de San Marcos. El int\u00e9rprete de canciones de regional mexicano se mostr\u00f3 contento de anunciar que ser\u00e1 padre junto a su [&hellip;]<\/p>\n","protected":false},"author":7,"featured_media":27356,"comment_status":"open","ping_status":"open","sticky":false,"template":"","format":"standard","meta":{"_monsterinsights_skip_tracking":false,"_monsterinsights_sitenote_active":false,"_monsterinsights_sitenote_note":"","_monsterinsights_sitenote_category":0,"footnotes":""},"categories":[576],"tags":[24614,3953,2050],"class_list":["post-103390","post","type-post","status-publish","format-standard","has-post-thumbnail","hentry","category-ocio","tag-cazzu","tag-christian-nodal","tag-embarazo","wp-image-borders"],"amp_enabled":true,"_links":{"self":[{"href":"https:\/\/nvnoticias.mx\/index.php\/wp-json\/wp\/v2\/posts\/103390","targetHints":{"allow":["GET"]}}],"collection":[{"href":"https:\/\/nvnoticias.mx\/index.php\/wp-json\/wp\/v2\/posts"}],"about":[{"href":"https:\/\/nvnoticias.mx\/index.php\/wp-json\/wp\/v2\/types\/post"}],"author":[{"embeddable":true,"href":"https:\/\/nvnoticias.mx\/index.php\/wp-json\/wp\/v2\/users\/7"}],"replies":[{"embeddable":true,"href":"https:\/\/nvnoticias.mx\/index.php\/wp-json\/wp\/v2\/comments?post=103390"}],"version-history":[{"count":1,"href":"https:\/\/nvnoticias.mx\/index.php\/wp-json\/wp\/v2\/posts\/103390\/revisions"}],"predecessor-version":[{"id":103391,"href":"https:\/\/nvnoticias.mx\/index.php\/wp-json\/wp\/v2\/posts\/103390\/revisions\/103391"}],"wp:featuredmedia":[{"embeddable":true,"href":"https:\/\/nvnoticias.mx\/index.php\/wp-json\/wp\/v2\/media\/27356"}],"wp:attachment":[{"href":"https:\/\/nvnoticias.mx\/index.php\/wp-json\/wp\/v2\/media?parent=103390"}],"wp:term":[{"taxonomy":"category","embeddable":true,"href":"https:\/\/nvnoticias.mx\/index.php\/wp-json\/wp\/v2\/categories?post=103390"},{"taxonomy":"post_tag","embeddable":true,"href":"https:\/\/nvnoticias.mx\/index.php\/wp-json\/wp\/v2\/tags?post=103390"}],"curies":[{"name":"wp","href":"https:\/\/api.w.org\/{rel}","templated":true}]}}