{"id":103371,"date":"2023-04-16T16:28:00","date_gmt":"2023-04-16T21:28:00","guid":{"rendered":"https:\/\/nvnoticias.mx\/?p=103371"},"modified":"2023-04-16T23:32:18","modified_gmt":"2023-04-17T04:32:18","slug":"agilizan-trabajos-del-tren-maya-para-poder-arrancar-en-diciembre","status":"publish","type":"post","link":"https:\/\/nvnoticias.mx\/index.php\/2023\/04\/16\/agilizan-trabajos-del-tren-maya-para-poder-arrancar-en-diciembre\/","title":{"rendered":"Agilizan trabajos del Tren Maya para poder arrancar en diciembre"},"content":{"rendered":"\n<p>La fecha para poner en marcha el\u00a0Tren Maya\u00a0sigue firme para el 1 de diciembre de 2023 y comprende todo el circuito del Tren Maya, asegur\u00f3 \u00d3scar Lozano \u00c1guila, director de la empresa de la\u00a0<strong>Secretar\u00eda de la Defensa Nacional<\/strong>\u00a0(<strong>Sedena<\/strong>) que estar\u00e1 a cargo de la operaci\u00f3n y administraci\u00f3n de este sistema que se concluye a prisas.<\/p>\n\n\n\n<blockquote class=\"wp-block-quote is-layout-flow wp-block-quote-is-layout-flow\"><p>\u201cLa fecha de inicio del primero de diciembre de 2023 comprende todo el circuito del Tren Maya, esperemos tener ya la certeza de informarle a todo el p\u00fablico en su momento cu\u00e1les van a ser todos los tramos que se habr\u00e1n concluido para esa fecha\u201d, dijo en entrevista. <\/p><\/blockquote>\n\n\n\n<p>En los \u00faltimos meses, los trabajos de una de las obras m\u00e1s representativas de la administraci\u00f3n del presidente\u00a0<strong>Andr\u00e9s Manuel L\u00f3pez Obrador<\/strong>\u00a0se han acelerado en\u00a0<strong>Quintana Roo y Yucat\u00e1n<\/strong>, e incluso las visitas de supervisi\u00f3n que realizaba el mandatario mensualmente ahora se hacen cada 15 d\u00edas.<\/p>\n\n\n\n<p>Apenas hace unos d\u00edas, el paso de una de las locomotoras que se utilizan para transportar balasto y material de construcci\u00f3n por el sur de Quintana Roo y en la zona maya caus\u00f3 mucha expectaci\u00f3n en poblaciones rurales.<\/p>\n\n\n\n<p>Atr\u00e1s del\u00a0<strong>Aeropuerto Internacional de Canc\u00fan<\/strong>\u00a0se construye una de las estaciones m\u00e1s grandes de todo el proyecto,\u00a0<strong>las obras est\u00e1n en marcha las 24 horas del d\u00eda y no se detienen ni en d\u00edas festivos porque tiene que estar lista para principios de julio<\/strong>, ya que ser\u00e1 aqu\u00ed donde se presente el primero de los trenes que se construyen en Ciudad Sahag\u00fan.<\/p>\n\n\n\n<p>La gobernadora de Quintana Roo, Mara Lezama Espinoza, anunci\u00f3 en sus redes sociales la llegada de las primeras m\u00e1quinas para julio pr\u00f3ximo, las cuales servir\u00e1n para hacer las primeras pruebas de rodamiento en las v\u00edas.<\/p>\n\n\n\n<p>De acuerdo con el&nbsp;<strong>Fondo Nacional de Turismo<\/strong>&nbsp;(<strong>Fonatur<\/strong>), el tramo 4 que abarca de Izamal a Canc\u00fan tiene ya 200 kil\u00f3metros de v\u00eda terminada en ambos sentidos.<\/p>\n\n\n\n<p>La v\u00eda del tren corre paralela a la<strong>\u00a0autopista de cuota Canc\u00fan\u2013M\u00e9rid<\/strong>a, la cual entr\u00f3 a un proceso de modernizaci\u00f3n en el que se incluye la construcci\u00f3n de tres distribuidores viales para conectar con la\u00a0<strong>poblaci\u00f3n de Pist\u00e9<\/strong>, donde se encuentra la zona arqueol\u00f3gica de\u00a0<strong>Chich\u00e9n Itz\u00e1<\/strong>, en Valladolid y en El Tintal, el cual conecta con accesos a\u00a0<strong>Holbox<\/strong>\u00a0y a\u00a0<strong>Playa del Carmen<\/strong>, ambos destinos tur\u00edsticos de playa.<\/p>\n\n\n\n<p>Cuando se anunci\u00f3 el proyecto que abarca los estados de\u00a0<strong>Chiapas, Tabasco, Campeche, Yucat\u00e1n y Quintana Roo<\/strong>, donde se planea construir una ruta de 1.554 kil\u00f3metros de v\u00eda f\u00e9rrea, se manej\u00f3 una inversi\u00f3n de 120.000 millones de pesos, pero esa cifra pr\u00e1cticamente se triplic\u00f3 en los \u00faltimos a\u00f1os.<\/p>\n\n\n\n<h2 class=\"wp-block-heading\">Grupos ecologistas&nbsp;<\/h2>\n\n\n\n<p>Inicialmente se proyect\u00f3 el trazo de las v\u00edas del Tren Maya entre Canc\u00fan y Chetumal sobre la carretera federal, incluso se hicieron las primeras obras para construir lo que ser\u00eda la estaci\u00f3n de Playa del Carmen y se retiraron m\u00e1s de 20 mil \u00e1rboles, pero luego de numerosas protestas del sector tur\u00edstico y empresarial el gobierno mexicano anunci\u00f3 el cambio de ruta.<\/p>\n\n\n\n<p>Los nuevos planes provocaron reacciones inmediatas de&nbsp;<strong>grupos ecologistas que denunciaron la falta de estudios ambientales para llevar a cabo la obra<\/strong>, quienes adem\u00e1s de iniciar una batalla legal en instancias nacionales e internacionales, mantienen una estrecha vigilancia para documentar las afectaciones al medio ambiente.<\/p>\n\n\n\n<p>Apenas en febrero pasado, en una de las conferencias del presidente Andr\u00e9s Manuel L\u00f3pez Obrador, en el Palacio Nacional, Javier May, director del Fonatur, a cargo de la obra, habl\u00f3 de un nuevo dise\u00f1o del tramo 5.<\/p>\n\n\n\n<p>En este trazado se proyect\u00f3 que, 42 kil\u00f3metros de los 67 que hay entre Playa del Carmen y Tulum, sean elevados para proteger el suelo k\u00e1rstico, cenotes, cavernas, y r\u00edos subterr\u00e1neos de la zona.<\/p>\n\n\n\n<p>El Tren Maya es uno de los megaproyectos del presidente L\u00f3pez Obrador, con el que busca potenciar el desarrollo en el sureste mexicano, mientras que organizaciones nacionales e internacionales han manifestado su preocupaci\u00f3n por el posible impacto negativo a los derechos humanos de los pueblos ind\u00edgenas mexicanos y en el medioambiente de la zona.<\/p>\n\n\n\n<p>Fuente: <a href=\"https:\/\/www.milenio.com\/estados\/trabajos-del-tren-maya-se-agilizan-para-que-arranque\">Milenio<\/a><\/p>\n","protected":false},"excerpt":{"rendered":"<p>La fecha para poner en marcha el\u00a0Tren Maya\u00a0sigue firme para el 1 de diciembre de 2023 y comprende todo el circuito del Tren Maya, asegur\u00f3 \u00d3scar Lozano \u00c1guila, director de la empresa de la\u00a0Secretar\u00eda de la Defensa Nacional\u00a0(Sedena) que estar\u00e1 a cargo de la operaci\u00f3n y administraci\u00f3n de este sistema que se concluye a prisas. [&hellip;]<\/p>\n","protected":false},"author":7,"featured_media":22788,"comment_status":"open","ping_status":"open","sticky":false,"template":"","format":"standard","meta":{"_monsterinsights_skip_tracking":false,"_monsterinsights_sitenote_active":false,"_monsterinsights_sitenote_note":"","_monsterinsights_sitenote_category":0,"footnotes":""},"categories":[157],"tags":[6338,6950,4217],"class_list":["post-103371","post","type-post","status-publish","format-standard","has-post-thumbnail","hentry","category-nacional","tag-diciembre","tag-trabajos-2","tag-tren-maya","wp-image-borders"],"amp_enabled":true,"_links":{"self":[{"href":"https:\/\/nvnoticias.mx\/index.php\/wp-json\/wp\/v2\/posts\/103371","targetHints":{"allow":["GET"]}}],"collection":[{"href":"https:\/\/nvnoticias.mx\/index.php\/wp-json\/wp\/v2\/posts"}],"about":[{"href":"https:\/\/nvnoticias.mx\/index.php\/wp-json\/wp\/v2\/types\/post"}],"author":[{"embeddable":true,"href":"https:\/\/nvnoticias.mx\/index.php\/wp-json\/wp\/v2\/users\/7"}],"replies":[{"embeddable":true,"href":"https:\/\/nvnoticias.mx\/index.php\/wp-json\/wp\/v2\/comments?post=103371"}],"version-history":[{"count":1,"href":"https:\/\/nvnoticias.mx\/index.php\/wp-json\/wp\/v2\/posts\/103371\/revisions"}],"predecessor-version":[{"id":103372,"href":"https:\/\/nvnoticias.mx\/index.php\/wp-json\/wp\/v2\/posts\/103371\/revisions\/103372"}],"wp:featuredmedia":[{"embeddable":true,"href":"https:\/\/nvnoticias.mx\/index.php\/wp-json\/wp\/v2\/media\/22788"}],"wp:attachment":[{"href":"https:\/\/nvnoticias.mx\/index.php\/wp-json\/wp\/v2\/media?parent=103371"}],"wp:term":[{"taxonomy":"category","embeddable":true,"href":"https:\/\/nvnoticias.mx\/index.php\/wp-json\/wp\/v2\/categories?post=103371"},{"taxonomy":"post_tag","embeddable":true,"href":"https:\/\/nvnoticias.mx\/index.php\/wp-json\/wp\/v2\/tags?post=103371"}],"curies":[{"name":"wp","href":"https:\/\/api.w.org\/{rel}","templated":true}]}}