{"id":103323,"date":"2023-04-16T15:35:24","date_gmt":"2023-04-16T20:35:24","guid":{"rendered":"https:\/\/nvnoticias.mx\/?p=103323"},"modified":"2023-04-16T15:35:25","modified_gmt":"2023-04-16T20:35:25","slug":"capacitaran-a-taxistas-en-temas-de-equidad-de-genero-y-leyes-de-movilidad","status":"publish","type":"post","link":"https:\/\/nvnoticias.mx\/index.php\/2023\/04\/16\/capacitaran-a-taxistas-en-temas-de-equidad-de-genero-y-leyes-de-movilidad\/","title":{"rendered":"Capacitar\u00e1n a taxistas en temas de equidad de g\u00e9nero y leyes de movilidad"},"content":{"rendered":"\n<p><strong>Jes\u00fas Utrilla | NV Noticias<\/strong><\/p>\n\n\n\n<p>Retomar\u00e1n la capacitaci\u00f3n de los taxistas en temas de equidad de g\u00e9nero para que contribuyan a prevenirla, ya que algunas pasajeras llegan a reportar a trav\u00e9s de redes sociales que son v\u00edctimas de violencia en el transporte o en la v\u00eda p\u00fablica.<\/p>\n\n\n\n<p>Claudia Hern\u00e1ndez Siles, presidenta del Movimiento Nacional Transportista en Veracruz, explic\u00f3 que se les instruir\u00e1 para que conozcan como actuar ante un hecho de inseguridad protagonizado por una mujer en la zona conurbada Veracruz- Boca del R\u00edo. <\/p>\n\n\n\n<p>Este tipo de cursos ya se hab\u00eda impartido y nuevamente se retomar\u00e1.<\/p>\n\n\n\n<blockquote class=\"wp-block-quote is-layout-flow wp-block-quote-is-layout-flow\"><p>\u201cVa haber una capacitaci\u00f3n con la Secretar\u00eda de Seguridad P\u00fablica en la prestaci\u00f3n del servicio para las mujeres, con el tema de equidad de g\u00e9nero, con el tema de la inseguridad que las mujeres a veces viven en los taxis. Es para saber c\u00f3mo manejar cualquier tema de inseguridad que prevalezca ante una mujer\u201d.<\/p><\/blockquote>\n\n\n\n<p>Se\u00f1al\u00f3 que as\u00ed como hay malos taxistas hay malos usuarios, por ejemplo choferes que prestan servicio afuera de centros nocturnos llegan a ser agredidos por f\u00e9minas en alto estado de ebriedad y aun as\u00ed tratan de llevarlas seguras a su destino. <\/p>\n\n\n\n<p>Es por ello que la capacitaci\u00f3n se acompa\u00f1ar\u00e1 de una campa\u00f1a de concientizaci\u00f3n que permita traslados seguros tanto para transportistas como para usuarios.<\/p>\n\n\n\n<blockquote class=\"wp-block-quote is-layout-flow wp-block-quote-is-layout-flow\"><p>\u201cHay mujeres que a veces van en estado inconveniente y llegan a ser personas que violentan al conductor. Ese es el trabajo que queremos hacer, concientizar al compa\u00f1ero, para que de su mejor esfuerzo en la prestaci\u00f3n del servicio, porque es a lo que nos dedicamos\u201d.<\/p><\/blockquote>\n\n\n\n<p>A la vez se informar\u00e1 a los ruleteros sobre la Ley de Movilidad y Seguridad Vial, primeros auxilios y otros temas de inter\u00e9s general. <\/p>\n\n\n\n<p>Hern\u00e1ndez Siles destac\u00f3 el inter\u00e9s de los transportistas por mejorar la calidad del servicio y prepararse d\u00eda con d\u00eda en diversos temas.<\/p>\n\n\n\n<blockquote class=\"wp-block-quote is-layout-flow wp-block-quote-is-layout-flow\"><p>\u201cEl curso de capacitaci\u00f3n es en la prestaci\u00f3n del servicio, primeros auxilios y tambi\u00e9n vamos a trabajar en lo que es que los compa\u00f1eros tengan conocimiento sobre el tema de la Ley de Movilidad y Seguridad Vial que est\u00e1 por salir en el estado de Veracruz, en el sentido de las vialidades. Que conozcan los reglamentos, los argumentos jur\u00eddicos y obligaciones\u201d.\u00a0<\/p><\/blockquote>\n","protected":false},"excerpt":{"rendered":"<p>Jes\u00fas Utrilla | NV Noticias Retomar\u00e1n la capacitaci\u00f3n de los taxistas en temas de equidad de g\u00e9nero para que contribuyan a prevenirla, ya que algunas pasajeras llegan a reportar a trav\u00e9s de redes sociales que son v\u00edctimas de violencia en el transporte o en la v\u00eda p\u00fablica. Claudia Hern\u00e1ndez Siles, presidenta del Movimiento Nacional Transportista [&hellip;]<\/p>\n","protected":false},"author":7,"featured_media":39530,"comment_status":"open","ping_status":"open","sticky":false,"template":"","format":"standard","meta":{"_monsterinsights_skip_tracking":false,"_monsterinsights_sitenote_active":false,"_monsterinsights_sitenote_note":"","_monsterinsights_sitenote_category":0,"footnotes":""},"categories":[154],"tags":[3566,24602,3944,884],"class_list":["post-103323","post","type-post","status-publish","format-standard","has-post-thumbnail","hentry","category-veracruz","tag-capacitacion","tag-equidad-de-genero","tag-movilidad","tag-taxistas","wp-image-borders"],"amp_enabled":true,"_links":{"self":[{"href":"https:\/\/nvnoticias.mx\/index.php\/wp-json\/wp\/v2\/posts\/103323","targetHints":{"allow":["GET"]}}],"collection":[{"href":"https:\/\/nvnoticias.mx\/index.php\/wp-json\/wp\/v2\/posts"}],"about":[{"href":"https:\/\/nvnoticias.mx\/index.php\/wp-json\/wp\/v2\/types\/post"}],"author":[{"embeddable":true,"href":"https:\/\/nvnoticias.mx\/index.php\/wp-json\/wp\/v2\/users\/7"}],"replies":[{"embeddable":true,"href":"https:\/\/nvnoticias.mx\/index.php\/wp-json\/wp\/v2\/comments?post=103323"}],"version-history":[{"count":1,"href":"https:\/\/nvnoticias.mx\/index.php\/wp-json\/wp\/v2\/posts\/103323\/revisions"}],"predecessor-version":[{"id":103324,"href":"https:\/\/nvnoticias.mx\/index.php\/wp-json\/wp\/v2\/posts\/103323\/revisions\/103324"}],"wp:featuredmedia":[{"embeddable":true,"href":"https:\/\/nvnoticias.mx\/index.php\/wp-json\/wp\/v2\/media\/39530"}],"wp:attachment":[{"href":"https:\/\/nvnoticias.mx\/index.php\/wp-json\/wp\/v2\/media?parent=103323"}],"wp:term":[{"taxonomy":"category","embeddable":true,"href":"https:\/\/nvnoticias.mx\/index.php\/wp-json\/wp\/v2\/categories?post=103323"},{"taxonomy":"post_tag","embeddable":true,"href":"https:\/\/nvnoticias.mx\/index.php\/wp-json\/wp\/v2\/tags?post=103323"}],"curies":[{"name":"wp","href":"https:\/\/api.w.org\/{rel}","templated":true}]}}