{"id":103306,"date":"2023-04-15T17:47:35","date_gmt":"2023-04-15T22:47:35","guid":{"rendered":"https:\/\/nvnoticias.mx\/?p=103306"},"modified":"2023-04-15T17:47:36","modified_gmt":"2023-04-15T22:47:36","slug":"augura-sheinbaum-gran-futuro-a-nahle","status":"publish","type":"post","link":"https:\/\/nvnoticias.mx\/index.php\/2023\/04\/15\/augura-sheinbaum-gran-futuro-a-nahle\/","title":{"rendered":"Augura Sheinbaum \u201cgran futuro\u201d a Nahle"},"content":{"rendered":"\n<p>La jefa de Gobierno de la Ciudad de M\u00e9xico, <a href=\"https:\/\/www.milenio.com\/politica\/visitara-claudia-sheinbaum-por-tercera-vez-nuevo-leon\">Claudia Sheinbaum<\/a>, augur\u00f3 un \u201cgran futuro\u201d a Roc\u00edo Nahle en Veracruz, estado que aspira a gobernar la actual<strong> secretaria de Energ\u00eda.<\/strong><\/p>\n\n\n\n<p><\/p>\n\n\n\n<p>De gira por Veracruz, la mandataria capitalina imparti\u00f3 la conferencia magistral<strong> Pol\u00edticas P\u00fablicas en Beneficio de la Ciudadania<\/strong>, a la cual asisti\u00f3 Nahle y estuvo en el templete instalado en el centro de <a href=\"https:\/\/www.milenio.com\/estados\/veracruz-migrante-murio-ahogado-en-coatzacoalcos\">Coatzacoalcos<\/a>.<\/p>\n\n\n\n<p>Al iniciar su pronunciamiento,<strong> Sheinbaum Pardo,<\/strong> quien aspira a la candidatura presidencial de Morena, agradeci\u00f3 la presencia de Nahle, a quien llam\u00f3 \u201cuna guerrera de Veracruz\u201d y destac\u00f3 que \u201ces la responsable de todas las refiner\u00edas del pa\u00eds, en particular de la construcci\u00f3n de la refiner\u00eda <strong>Olmeca de Dos Bocas<\/strong>\u201d.<\/p>\n\n\n\n<blockquote class=\"wp-block-quote is-layout-flow wp-block-quote-is-layout-flow\"><p>\u201cRoc\u00edo es representante de la Cuarta Transformaci\u00f3n de la vida p\u00fablica de M\u00e9xico y tiene un gran futuro aqu\u00ed en Veracruz\u201d, exclam\u00f3 ante cientos de simpatizantes que comenzaron a gritar \u201c\u00a1gobernadora!, \u00a1gobernadora!, \u00a1gobernadora!\u201d.<\/p><\/blockquote>\n\n\n\n<p>Por su parte, durante su mensaje<strong> Roc\u00edo Nahle <\/strong>sostuvo que \u201ctambi\u00e9n en Veracruz es tiempo de las mujeres\u201d, adem\u00e1s de que enfatiz\u00f3 que \u201choy estamos con <strong>Claudia Sheinbaum<\/strong>\u201d.<\/p>\n\n\n\n<p>En tanto, el gobernador de Veracruz, Cuitl\u00e1huac Garc\u00eda, se refiri\u00f3 a Roc\u00edo Nahle y <a href=\"https:\/\/www.milenio.com\/virales\/medio-metro-pide-claudia-sheinbaum-invite-evento-en-ciudad-de-mexico\">Claudia Sheinbaum<\/a> como \u201cinvitadas de lujo\u201d y lanz\u00f3 \u201c\u00a1vivas!\u201d para ambas.<\/p>\n\n\n\n<blockquote class=\"twitter-tweet\"><p lang=\"es\" dir=\"ltr\">Gracias al gobernador <a href=\"https:\/\/twitter.com\/CuitlahuacGJ?ref_src=twsrc%5Etfw\">@CuitlahuacGJ<\/a> y Amado Cruz Malpica presidente municipal de Coatzacoalcos por su invitaci\u00f3n. Gracias <a href=\"https:\/\/twitter.com\/rocionahle?ref_src=twsrc%5Etfw\">@rocionahle<\/a> por la gran compa\u00f1\u00eda. Gracias al hist\u00f3rico y bello estado de Veracruz. <a href=\"https:\/\/t.co\/EwkjtVTkcj\">https:\/\/t.co\/EwkjtVTkcj<\/a><\/p>&mdash; Dra. Claudia Sheinbaum (@Claudiashein) <a href=\"https:\/\/twitter.com\/Claudiashein\/status\/1647347262300000256?ref_src=twsrc%5Etfw\">April 15, 2023<\/a><\/blockquote> <script async src=\"https:\/\/platform.twitter.com\/widgets.js\" charset=\"utf-8\"><\/script> \n\n\n\n<p>Fuente: <a href=\"https:\/\/www.milenio.com\/politica\/comunidad\/sheinbaum-augura-futuro-nahle-aspirante-gobernadora\" data-type=\"URL\" data-id=\"https:\/\/www.milenio.com\/politica\/comunidad\/sheinbaum-augura-futuro-nahle-aspirante-gobernadora\">Milenio<\/a><\/p>\n","protected":false},"excerpt":{"rendered":"<p>La jefa de Gobierno de la Ciudad de M\u00e9xico, Claudia Sheinbaum, augur\u00f3 un \u201cgran futuro\u201d a Roc\u00edo Nahle en Veracruz, estado que aspira a gobernar la actual secretaria de Energ\u00eda. De gira por Veracruz, la mandataria capitalina imparti\u00f3 la conferencia magistral Pol\u00edticas P\u00fablicas en Beneficio de la Ciudadania, a la cual asisti\u00f3 Nahle y estuvo [&hellip;]<\/p>\n","protected":false},"author":35,"featured_media":81655,"comment_status":"open","ping_status":"open","sticky":false,"template":"","format":"standard","meta":{"_monsterinsights_skip_tracking":false,"_monsterinsights_sitenote_active":false,"_monsterinsights_sitenote_note":"","_monsterinsights_sitenote_category":0,"footnotes":""},"categories":[157],"tags":[24599,2801,1796,1594],"class_list":["post-103306","post","type-post","status-publish","format-standard","has-post-thumbnail","hentry","category-nacional","tag-augura","tag-claudia-sheinbaum","tag-futuro","tag-rocio-nahle","wp-image-borders"],"amp_enabled":true,"_links":{"self":[{"href":"https:\/\/nvnoticias.mx\/index.php\/wp-json\/wp\/v2\/posts\/103306","targetHints":{"allow":["GET"]}}],"collection":[{"href":"https:\/\/nvnoticias.mx\/index.php\/wp-json\/wp\/v2\/posts"}],"about":[{"href":"https:\/\/nvnoticias.mx\/index.php\/wp-json\/wp\/v2\/types\/post"}],"author":[{"embeddable":true,"href":"https:\/\/nvnoticias.mx\/index.php\/wp-json\/wp\/v2\/users\/35"}],"replies":[{"embeddable":true,"href":"https:\/\/nvnoticias.mx\/index.php\/wp-json\/wp\/v2\/comments?post=103306"}],"version-history":[{"count":1,"href":"https:\/\/nvnoticias.mx\/index.php\/wp-json\/wp\/v2\/posts\/103306\/revisions"}],"predecessor-version":[{"id":103307,"href":"https:\/\/nvnoticias.mx\/index.php\/wp-json\/wp\/v2\/posts\/103306\/revisions\/103307"}],"wp:featuredmedia":[{"embeddable":true,"href":"https:\/\/nvnoticias.mx\/index.php\/wp-json\/wp\/v2\/media\/81655"}],"wp:attachment":[{"href":"https:\/\/nvnoticias.mx\/index.php\/wp-json\/wp\/v2\/media?parent=103306"}],"wp:term":[{"taxonomy":"category","embeddable":true,"href":"https:\/\/nvnoticias.mx\/index.php\/wp-json\/wp\/v2\/categories?post=103306"},{"taxonomy":"post_tag","embeddable":true,"href":"https:\/\/nvnoticias.mx\/index.php\/wp-json\/wp\/v2\/tags?post=103306"}],"curies":[{"name":"wp","href":"https:\/\/api.w.org\/{rel}","templated":true}]}}