{"id":103283,"date":"2023-04-15T14:16:54","date_gmt":"2023-04-15T19:16:54","guid":{"rendered":"https:\/\/nvnoticias.mx\/?p=103283"},"modified":"2023-04-15T14:16:55","modified_gmt":"2023-04-15T19:16:55","slug":"actuara-katy-perry-entre-otros-artistas-en-la-coronacion-de-carlos-iii","status":"publish","type":"post","link":"https:\/\/nvnoticias.mx\/index.php\/2023\/04\/15\/actuara-katy-perry-entre-otros-artistas-en-la-coronacion-de-carlos-iii\/","title":{"rendered":"Actuar\u00e1 Katy Perry entre otros artistas en la coronaci\u00f3n de Carlos III"},"content":{"rendered":"\n<p>Artistas como Take That, Katy Perry y Lionel Richie figuran entre las estrellas que actuar\u00e1n en el concierto de la coronaci\u00f3n del rey Carlos III el pr\u00f3ximo 7 de mayo, seg\u00fan anunci\u00f3 la cadena brit\u00e1nica BBC.<\/p>\n\n\n\n<p>Entre los m\u00fasicos que amenizar\u00e1n el hist\u00f3rico evento estar\u00e1n tambi\u00e9n el cantante de \u00f3pera italiano Andrea Bocelli, el bajo-bar\u00edtono gal\u00e9s Bryn Terfel, la compositora Freya Ridings y el compositor de m\u00fasica cl\u00e1sica Alexis Ffrench.&nbsp;<\/p>\n\n\n\n<p>El show se celebrar\u00e1 en los jardines de Windsor frente a una audiencia de 20,000 espectadores e invitados y ser\u00e1 retransmitido en directo por la BBC y emisoras de radio.<\/p>\n\n\n\n<p>Seg\u00fan la cadena p\u00fablica brit\u00e1nica, Take That actuar\u00e1 con tres de sus integrantes originales, Gary Barlow, Howard Donald y Mark Owen si bien se ofrecer\u00e1 a Robbie Williams y a Jason Orange la oportunidad de unirse a la banda con motivo de esta ocasi\u00f3n.&nbsp;<\/p>\n\n\n\n<p>Barlow, Donald y Owen recordaron a la cadena que este ser\u00e1 su primer concierto en directo desde la Gira Odyssey, hace cuatro a\u00f1os, en 2019.<\/p>\n\n\n\n<p>Para la ocasi\u00f3n, habilitar\u00e1n una banda de orquesta \u201cenorme\u201d, un coro, bater\u00edas militares.\u00a0<\/p>\n\n\n\n<p>Tambi\u00e9n la cantante de pop Katy Perry ha indicado que est\u00e1 \u201cilusionada\u201d con actuar en ese concierto.&nbsp;<\/p>\n\n\n\n<p>La BBC revel\u00f3 que durante ese espect\u00e1culo Bocelli y Sir Bryan actuar\u00e1n en dueto interpretando \u201cuna ic\u00f3nica canci\u00f3n de amor y de solidaridad colectiva\u201d.&nbsp;<\/p>\n\n\n\n<p>La cantante Freya Ridings y el pianista, productor y compositor Ffrench actuar\u00e1n juntos en el show, que incluir\u00e1 tambi\u00e9n una actuaci\u00f3n del coro de la coronaci\u00f3n, creado por coros comunitarios y cantantes no profesionales de todo el pa\u00eds.&nbsp;<\/p>\n\n\n\n<blockquote class=\"wp-block-quote is-layout-flow wp-block-quote-is-layout-flow\"><p>\u201cNos uniremos como naci\u00f3n para esta ocasi\u00f3n \u00fanica, retransmitiendo en exclusiva en directo desde el Castillo de Windsor\u201d, se\u00f1al\u00f3 la jefa de contenido de la BBC, Charlotte Moore.<\/p><\/blockquote>\n\n\n\n<p>Fuente:<a href=\"https:\/\/www.forbes.com.mx\/katy-perry-y-andrea-bocelli-entre-los-artistas-que-actuaran-en-la-coronacion-de-carlos-iii\/\" data-type=\"URL\" data-id=\"https:\/\/www.forbes.com.mx\/katy-perry-y-andrea-bocelli-entre-los-artistas-que-actuaran-en-la-coronacion-de-carlos-iii\/\"> Forbes<\/a><\/p>\n","protected":false},"excerpt":{"rendered":"<p>Artistas como Take That, Katy Perry y Lionel Richie figuran entre las estrellas que actuar\u00e1n en el concierto de la coronaci\u00f3n del rey Carlos III el pr\u00f3ximo 7 de mayo, seg\u00fan anunci\u00f3 la cadena brit\u00e1nica BBC. Entre los m\u00fasicos que amenizar\u00e1n el hist\u00f3rico evento estar\u00e1n tambi\u00e9n el cantante de \u00f3pera italiano Andrea Bocelli, el bajo-bar\u00edtono [&hellip;]<\/p>\n","protected":false},"author":35,"featured_media":11042,"comment_status":"open","ping_status":"open","sticky":false,"template":"","format":"standard","meta":{"_monsterinsights_skip_tracking":false,"_monsterinsights_sitenote_active":false,"_monsterinsights_sitenote_note":"","_monsterinsights_sitenote_category":0,"footnotes":""},"categories":[576],"tags":[16535,3043,19139],"class_list":["post-103283","post","type-post","status-publish","format-standard","has-post-thumbnail","hentry","category-ocio","tag-coronacion","tag-katy-perry","tag-rey-carlos-iii","wp-image-borders"],"amp_enabled":true,"_links":{"self":[{"href":"https:\/\/nvnoticias.mx\/index.php\/wp-json\/wp\/v2\/posts\/103283","targetHints":{"allow":["GET"]}}],"collection":[{"href":"https:\/\/nvnoticias.mx\/index.php\/wp-json\/wp\/v2\/posts"}],"about":[{"href":"https:\/\/nvnoticias.mx\/index.php\/wp-json\/wp\/v2\/types\/post"}],"author":[{"embeddable":true,"href":"https:\/\/nvnoticias.mx\/index.php\/wp-json\/wp\/v2\/users\/35"}],"replies":[{"embeddable":true,"href":"https:\/\/nvnoticias.mx\/index.php\/wp-json\/wp\/v2\/comments?post=103283"}],"version-history":[{"count":1,"href":"https:\/\/nvnoticias.mx\/index.php\/wp-json\/wp\/v2\/posts\/103283\/revisions"}],"predecessor-version":[{"id":103284,"href":"https:\/\/nvnoticias.mx\/index.php\/wp-json\/wp\/v2\/posts\/103283\/revisions\/103284"}],"wp:featuredmedia":[{"embeddable":true,"href":"https:\/\/nvnoticias.mx\/index.php\/wp-json\/wp\/v2\/media\/11042"}],"wp:attachment":[{"href":"https:\/\/nvnoticias.mx\/index.php\/wp-json\/wp\/v2\/media?parent=103283"}],"wp:term":[{"taxonomy":"category","embeddable":true,"href":"https:\/\/nvnoticias.mx\/index.php\/wp-json\/wp\/v2\/categories?post=103283"},{"taxonomy":"post_tag","embeddable":true,"href":"https:\/\/nvnoticias.mx\/index.php\/wp-json\/wp\/v2\/tags?post=103283"}],"curies":[{"name":"wp","href":"https:\/\/api.w.org\/{rel}","templated":true}]}}