{"id":103281,"date":"2023-04-15T14:09:58","date_gmt":"2023-04-15T19:09:58","guid":{"rendered":"https:\/\/nvnoticias.mx\/?p=103281"},"modified":"2023-04-15T14:09:59","modified_gmt":"2023-04-15T19:09:59","slug":"se-reencuentran-camila-cabello-y-shawn-mendes-en-coachella-un-ano-despues-de-su-ruptura","status":"publish","type":"post","link":"https:\/\/nvnoticias.mx\/index.php\/2023\/04\/15\/se-reencuentran-camila-cabello-y-shawn-mendes-en-coachella-un-ano-despues-de-su-ruptura\/","title":{"rendered":"Se reencuentran Camila Cabello y Shawn Mendes en Coachella un a\u00f1o despu\u00e9s de su ruptura"},"content":{"rendered":"\n<p>Puede que el romance de Camila Cabello y Shawn Mendes no funcionara, pero a d\u00eda de hoy les une una bonita amistad (que no es poco). Los cantantes de &#8216;Se\u00f1orita&#8217; <a href=\"https:\/\/www.cosmopolitan.com\/es\/famosos\/noticias-famosos\/a38286709\/camila-cabello-shawn-mendes-rompen\/\">anunciaron su ruptura en noviembre <\/a>de 2021 tras dos a\u00f1os saliendo juntos. Lejos de echarse los trastos a la cabeza, la expareja siempre ha tenido bonitas palabras hacia el otro e incluso <a href=\"https:\/\/www.cosmopolitan.com\/es\/famosos\/noticias-famosos\/a38695803\/camila-cabello-shawn-mendes-reconciliacion\/\">se les vio paseando juntos<\/a> en alguna que otra ocasi\u00f3n. Por eso a los fans les ha hecho tanta ilusi\u00f3n las \u00faltimas <strong>im\u00e1genes que ambos artistas protagonizan en Coachella<\/strong>, donde han vuelto a demostrar que se llevan a las mil maravillas.<\/p>\n\n\n\n<p>El festival de Coachella es uno de los favoritos de los famosos, por lo que no es de extra\u00f1ar que coincidieran all\u00ed. Lejos de evitarse, Camila y Shawn estuvieron juntos poni\u00e9ndose al d\u00eda <strong>y brindando con unos amigos.<\/strong> Cuando se separaron, ya comentaron que segu\u00edan siendo &#8220;los mejores amigos&#8221;, algo que ahora acaba de quedarnos m\u00e1s que claro. Como no podr\u00eda ser de otro modo, las im\u00e1genes ya son virales en las redes sociales, donde los fans se mostraron muy emocionados al ver a los artistas juntos de nuevo.<\/p>\n\n\n\n<blockquote class=\"wp-block-quote is-layout-flow wp-block-quote-is-layout-flow\"><p>&#8220;Los amo juntos como amigos&#8221;, escribe una fan en Twitter. &#8220;Hacen una bonita pareja, deber\u00edan volver&#8221;, comenta otra. &#8220;Qu\u00e9 bonito que ellos vuelvan a verse. Eso dice mucho de ellos y que su separaci\u00f3n fue en buenos t\u00e9rminos&#8221;, apunta una tercera fan.<\/p><\/blockquote>\n\n\n\n<p>La artista de origen cubano luc\u00eda el &#8216;look&#8217; perfecto para reencontrarse con un ex, y es que estaba ideal con un &#8216;top&#8217; de estilo cors\u00e9 y unos vaqueros cargo. Por su parte, \u00e9l eligi\u00f3 una camiseta estampada ajustada, unos pantalones beige y un pa\u00f1uelo alrededor del cuello.<\/p>\n\n\n\n<p>Fuente: <a href=\"https:\/\/www.cosmopolitan.com\/es\/famosos\/noticias-famosos\/a43607056\/camila-cabello-shawn-mendes-coachella\/\" data-type=\"URL\" data-id=\"https:\/\/www.cosmopolitan.com\/es\/famosos\/noticias-famosos\/a43607056\/camila-cabello-shawn-mendes-coachella\/\">Cosmopolitan<\/a><\/p>\n","protected":false},"excerpt":{"rendered":"<p>Puede que el romance de Camila Cabello y Shawn Mendes no funcionara, pero a d\u00eda de hoy les une una bonita amistad (que no es poco). Los cantantes de &#8216;Se\u00f1orita&#8217; anunciaron su ruptura en noviembre de 2021 tras dos a\u00f1os saliendo juntos. Lejos de echarse los trastos a la cabeza, la expareja siempre ha tenido [&hellip;]<\/p>\n","protected":false},"author":35,"featured_media":35944,"comment_status":"open","ping_status":"open","sticky":false,"template":"","format":"standard","meta":{"_monsterinsights_skip_tracking":false,"_monsterinsights_sitenote_active":false,"_monsterinsights_sitenote_note":"","_monsterinsights_sitenote_category":0,"footnotes":""},"categories":[576],"tags":[2630,13614,8444,19818,2629],"class_list":["post-103281","post","type-post","status-publish","format-standard","has-post-thumbnail","hentry","category-ocio","tag-camila-cabello","tag-coachella","tag-ruptura","tag-se-reencuentran","tag-shawn-mendes","wp-image-borders"],"amp_enabled":true,"_links":{"self":[{"href":"https:\/\/nvnoticias.mx\/index.php\/wp-json\/wp\/v2\/posts\/103281","targetHints":{"allow":["GET"]}}],"collection":[{"href":"https:\/\/nvnoticias.mx\/index.php\/wp-json\/wp\/v2\/posts"}],"about":[{"href":"https:\/\/nvnoticias.mx\/index.php\/wp-json\/wp\/v2\/types\/post"}],"author":[{"embeddable":true,"href":"https:\/\/nvnoticias.mx\/index.php\/wp-json\/wp\/v2\/users\/35"}],"replies":[{"embeddable":true,"href":"https:\/\/nvnoticias.mx\/index.php\/wp-json\/wp\/v2\/comments?post=103281"}],"version-history":[{"count":1,"href":"https:\/\/nvnoticias.mx\/index.php\/wp-json\/wp\/v2\/posts\/103281\/revisions"}],"predecessor-version":[{"id":103282,"href":"https:\/\/nvnoticias.mx\/index.php\/wp-json\/wp\/v2\/posts\/103281\/revisions\/103282"}],"wp:featuredmedia":[{"embeddable":true,"href":"https:\/\/nvnoticias.mx\/index.php\/wp-json\/wp\/v2\/media\/35944"}],"wp:attachment":[{"href":"https:\/\/nvnoticias.mx\/index.php\/wp-json\/wp\/v2\/media?parent=103281"}],"wp:term":[{"taxonomy":"category","embeddable":true,"href":"https:\/\/nvnoticias.mx\/index.php\/wp-json\/wp\/v2\/categories?post=103281"},{"taxonomy":"post_tag","embeddable":true,"href":"https:\/\/nvnoticias.mx\/index.php\/wp-json\/wp\/v2\/tags?post=103281"}],"curies":[{"name":"wp","href":"https:\/\/api.w.org\/{rel}","templated":true}]}}