{"id":103274,"date":"2023-04-15T13:33:52","date_gmt":"2023-04-15T18:33:52","guid":{"rendered":"https:\/\/nvnoticias.mx\/?p=103274"},"modified":"2023-04-15T13:33:53","modified_gmt":"2023-04-15T18:33:53","slug":"no-hay-red-de-trata-de-personas-en-veracruz","status":"publish","type":"post","link":"https:\/\/nvnoticias.mx\/index.php\/2023\/04\/15\/no-hay-red-de-trata-de-personas-en-veracruz\/","title":{"rendered":"No hay red de trata de personas en Veracruz"},"content":{"rendered":"\n<p><strong>Sam Ojeda\u00a0 | NV Noticias<\/strong><\/p>\n\n\n\n<p>Xalapa.- La encargada de la Comisi\u00f3n Estatal de B\u00fasqueda de Personas, Brenda Cer\u00f3n Chagoya, rechaz\u00f3 que haya una red de trata de personas en la entidad veracruzana.&nbsp;<\/p>\n\n\n\n<p>Reconoci\u00f3 que hace dos a\u00f1os se report\u00f3 un caso que fue calificado como \u201caislado\u201d pues insisti\u00f3 en que no hay indicios de la presencia de una red de trata de personas en la entidad.&nbsp;<\/p>\n\n\n\n<blockquote class=\"wp-block-quote is-layout-flow wp-block-quote-is-layout-flow\"><p>\u201cNo tenemos identificada una red, hay algunos casos aislados que se pudieron identificar hace dos a\u00f1os con un caso en particular en la zona norte del estado, y solo eso\u201d.<\/p><\/blockquote>\n\n\n\n<p>La funcionaria fue cuestionada si esta una l\u00ednea de investigaci\u00f3n por la desaparici\u00f3n de la F\u00e1tima Cristal Gonz\u00e1lez Patlas, ocurrida el 9 de diciembre de 2022; sin embargo, dijo que la Fiscal\u00eda General de Veracruz (FGE) tiene varias.&nbsp;<\/p>\n\n\n\n<blockquote class=\"wp-block-quote is-layout-flow wp-block-quote-is-layout-flow\"><p>\u201cNo, no podr\u00edamos asegurar que sea una sola la l\u00ednea de investigaci\u00f3n, recordemos que cuando est\u00e1 abierta la carpeta se deben agotar todas las l\u00edneas que se tienen\u00a0<\/p><\/blockquote>\n\n\n\n<p>&nbsp;Cer\u00f3n Chagoya insisti\u00f3 en no dar detalles de la investigaci\u00f3n pero asegur\u00f3 que contin\u00faan las mesas de trabajo para dar con el paradero de la menor.&nbsp;<\/p>\n\n\n\n<blockquote class=\"wp-block-quote is-layout-flow wp-block-quote-is-layout-flow\"><p>\u201cSeguimos en las l\u00edneas de investigaci\u00f3n con la Fiscal\u00eda, la b\u00fasqueda siempre se acompa\u00f1a de la investigaci\u00f3n y es importante seguir en las mesas de trabajo con este seguimiento\u201d, dijo.\u00a0<\/p><\/blockquote>\n","protected":false},"excerpt":{"rendered":"<p>Sam Ojeda\u00a0 | NV Noticias Xalapa.- La encargada de la Comisi\u00f3n Estatal de B\u00fasqueda de Personas, Brenda Cer\u00f3n Chagoya, rechaz\u00f3 que haya una red de trata de personas en la entidad veracruzana.&nbsp; Reconoci\u00f3 que hace dos a\u00f1os se report\u00f3 un caso que fue calificado como \u201caislado\u201d pues insisti\u00f3 en que no hay indicios de la [&hellip;]<\/p>\n","protected":false},"author":35,"featured_media":14770,"comment_status":"open","ping_status":"open","sticky":false,"template":"","format":"standard","meta":{"_monsterinsights_skip_tracking":false,"_monsterinsights_sitenote_active":false,"_monsterinsights_sitenote_note":"","_monsterinsights_sitenote_category":0,"footnotes":""},"categories":[156],"tags":[23676,3413,180],"class_list":["post-103274","post","type-post","status-publish","format-standard","has-post-thumbnail","hentry","category-estado","tag-no-hay","tag-trata-de-personas","tag-veracruz","wp-image-borders"],"amp_enabled":true,"_links":{"self":[{"href":"https:\/\/nvnoticias.mx\/index.php\/wp-json\/wp\/v2\/posts\/103274","targetHints":{"allow":["GET"]}}],"collection":[{"href":"https:\/\/nvnoticias.mx\/index.php\/wp-json\/wp\/v2\/posts"}],"about":[{"href":"https:\/\/nvnoticias.mx\/index.php\/wp-json\/wp\/v2\/types\/post"}],"author":[{"embeddable":true,"href":"https:\/\/nvnoticias.mx\/index.php\/wp-json\/wp\/v2\/users\/35"}],"replies":[{"embeddable":true,"href":"https:\/\/nvnoticias.mx\/index.php\/wp-json\/wp\/v2\/comments?post=103274"}],"version-history":[{"count":1,"href":"https:\/\/nvnoticias.mx\/index.php\/wp-json\/wp\/v2\/posts\/103274\/revisions"}],"predecessor-version":[{"id":103275,"href":"https:\/\/nvnoticias.mx\/index.php\/wp-json\/wp\/v2\/posts\/103274\/revisions\/103275"}],"wp:featuredmedia":[{"embeddable":true,"href":"https:\/\/nvnoticias.mx\/index.php\/wp-json\/wp\/v2\/media\/14770"}],"wp:attachment":[{"href":"https:\/\/nvnoticias.mx\/index.php\/wp-json\/wp\/v2\/media?parent=103274"}],"wp:term":[{"taxonomy":"category","embeddable":true,"href":"https:\/\/nvnoticias.mx\/index.php\/wp-json\/wp\/v2\/categories?post=103274"},{"taxonomy":"post_tag","embeddable":true,"href":"https:\/\/nvnoticias.mx\/index.php\/wp-json\/wp\/v2\/tags?post=103274"}],"curies":[{"name":"wp","href":"https:\/\/api.w.org\/{rel}","templated":true}]}}