{"id":103224,"date":"2023-04-15T10:27:08","date_gmt":"2023-04-15T15:27:08","guid":{"rendered":"https:\/\/nvnoticias.mx\/?p=103224"},"modified":"2023-04-15T14:40:32","modified_gmt":"2023-04-15T19:40:32","slug":"detienen-nuevamente-a-jorge-n-y-diana-n-por-el-feminicidio-de-monse-bendimes","status":"publish","type":"post","link":"https:\/\/nvnoticias.mx\/index.php\/2023\/04\/15\/detienen-nuevamente-a-jorge-n-y-diana-n-por-el-feminicidio-de-monse-bendimes\/","title":{"rendered":"Detienen nuevamente a Jorge &#8220;N&#8221; y Diana &#8220;N&#8221; por el feminicidio de Monse Bendimes"},"content":{"rendered":"\n<p>La madrugada de este s\u00e1bado reportaron que Jorge &#8220;N&#8221; y Diana &#8220;N&#8221;, padres de Marlon &#8216;N&#8217;, presunto feminicida de Monse Bendimes, fueron reaprehendidos luego de salir de prisi\u00f3n el viernes, inform\u00f3 el abogado de la familia de la v\u00edctima, Ramar Mendoza.<\/p>\n\n\n\n<p>De acuerdo con el abogado, Jorge &#8220;N&#8221; y Diana &#8220;N&#8221; fueron detenidos de nueva cuenta, ahora acusados por el delito de omisi\u00f3n de auxilio.<\/p>\n\n\n\n<p>Agreg\u00f3 que este s\u00e1bado, desde las dos de la ma\u00f1ana, se lleva a cabo la audiencia inicial de imputaci\u00f3n en donde se determinar\u00e1 si los padres de Marlon &#8220;N&#8221; permanecen en prisi\u00f3n.<br><\/p>\n\n\n\n<p>La Fiscal\u00eda Especializada en Investigaci\u00f3n de Delitos de Violencia contra la Familia, Mujeres, Ni\u00f1as y Ni\u00f1os y Trata de Personas realiz\u00f3 imputaci\u00f3n en contra de Diana Elizabeth \u201cN\u201d y Jorge Ignacio \u201cN\u201d como presuntos responsables del delito de omisi\u00f3n de auxilio cometido en agravio de qui\u00e9n en vida respondiera a las iniciales M.B.R., hechos ocurridos el 17 de abril del 2021, en el municipio de Boca del R\u00edo.<\/p>\n\n\n\n<p>El juez dict\u00f3 como medida cautelar, prisi\u00f3n preventiva necesaria por el t\u00e9rmino de un a\u00f1o, dentro del proceso penal 289\/2023.<\/p>\n","protected":false},"excerpt":{"rendered":"<p>La madrugada de este s\u00e1bado reportaron que Jorge &#8220;N&#8221; y Diana &#8220;N&#8221;, padres de Marlon &#8216;N&#8217;, presunto feminicida de Monse Bendimes, fueron reaprehendidos luego de salir de prisi\u00f3n el viernes, inform\u00f3 el abogado de la familia de la v\u00edctima, Ramar Mendoza. De acuerdo con el abogado, Jorge &#8220;N&#8221; y Diana &#8220;N&#8221; fueron detenidos de nueva [&hellip;]<\/p>\n","protected":false},"author":35,"featured_media":103211,"comment_status":"open","ping_status":"open","sticky":false,"template":"","format":"standard","meta":{"_monsterinsights_skip_tracking":false,"_monsterinsights_sitenote_active":false,"_monsterinsights_sitenote_note":"","_monsterinsights_sitenote_category":0,"footnotes":""},"categories":[154],"tags":[5841,24582,2691,17825,24583,14466,162],"class_list":["post-103224","post","type-post","status-publish","format-standard","has-post-thumbnail","hentry","category-veracruz","tag-detienen","tag-diana-n-2","tag-feminicidio","tag-jorge-n","tag-monse-bendimes","tag-nuevamente","tag-portada","wp-image-borders"],"amp_enabled":true,"_links":{"self":[{"href":"https:\/\/nvnoticias.mx\/index.php\/wp-json\/wp\/v2\/posts\/103224","targetHints":{"allow":["GET"]}}],"collection":[{"href":"https:\/\/nvnoticias.mx\/index.php\/wp-json\/wp\/v2\/posts"}],"about":[{"href":"https:\/\/nvnoticias.mx\/index.php\/wp-json\/wp\/v2\/types\/post"}],"author":[{"embeddable":true,"href":"https:\/\/nvnoticias.mx\/index.php\/wp-json\/wp\/v2\/users\/35"}],"replies":[{"embeddable":true,"href":"https:\/\/nvnoticias.mx\/index.php\/wp-json\/wp\/v2\/comments?post=103224"}],"version-history":[{"count":2,"href":"https:\/\/nvnoticias.mx\/index.php\/wp-json\/wp\/v2\/posts\/103224\/revisions"}],"predecessor-version":[{"id":103294,"href":"https:\/\/nvnoticias.mx\/index.php\/wp-json\/wp\/v2\/posts\/103224\/revisions\/103294"}],"wp:featuredmedia":[{"embeddable":true,"href":"https:\/\/nvnoticias.mx\/index.php\/wp-json\/wp\/v2\/media\/103211"}],"wp:attachment":[{"href":"https:\/\/nvnoticias.mx\/index.php\/wp-json\/wp\/v2\/media?parent=103224"}],"wp:term":[{"taxonomy":"category","embeddable":true,"href":"https:\/\/nvnoticias.mx\/index.php\/wp-json\/wp\/v2\/categories?post=103224"},{"taxonomy":"post_tag","embeddable":true,"href":"https:\/\/nvnoticias.mx\/index.php\/wp-json\/wp\/v2\/tags?post=103224"}],"curies":[{"name":"wp","href":"https:\/\/api.w.org\/{rel}","templated":true}]}}