{"id":103172,"date":"2023-04-14T16:02:56","date_gmt":"2023-04-14T21:02:56","guid":{"rendered":"https:\/\/nvnoticias.mx\/?p=103172"},"modified":"2023-04-14T16:02:57","modified_gmt":"2023-04-14T21:02:57","slug":"organismos-internacionales-tendran-que-intervenir-en-el-caso-de-la-estacion-migratoria-de-ciudad-juarez","status":"publish","type":"post","link":"https:\/\/nvnoticias.mx\/index.php\/2023\/04\/14\/organismos-internacionales-tendran-que-intervenir-en-el-caso-de-la-estacion-migratoria-de-ciudad-juarez\/","title":{"rendered":"Organismos internacionales tendr\u00e1n que intervenir en el caso de la estaci\u00f3n migratoria de Ciudad Ju\u00e1rez"},"content":{"rendered":"\n<p><strong>Jes\u00fas Utrilla \/ NV Noticias<\/strong><\/p>\n\n\n\n<p>Organismos internacionales tendr\u00e1n que intervenir en el caso de la muerte de migrantes en Ciudad Ju\u00e1rez.<\/p>\n\n\n\n<p>Se deber\u00e1 denunciar por presunto homicidio al secretario de Gobernaci\u00f3n, Ad\u00e1n Augusto L\u00f3pez, al canciller Marcelo Ebrard y al director del Instituto Nacional de Migraci\u00f3n, Francisco Gardu\u00f1o, por la muerte de los 40 migrantes en la estaci\u00f3n migratoria de Chihuahua, se\u00f1al\u00f3 el exgobernador de Michoac\u00e1n e integrante del PRD, Silvano Aureoles Conejo.<\/p>\n\n\n\n<blockquote class=\"wp-block-quote is-layout-flow wp-block-quote-is-layout-flow\"><p>\u201c<em>Hay dos que deben responder a la justicia por la muerte de los migrantes, lo denuncie el viernes 31 de marzo ante la fiscal\u00eda de Chihuahua y ante la Fiscal\u00eda Regional de la Republica de ciudad Ju\u00e1rez y el mi\u00e9rcoles pasado ratifique o los denuncie nuevamente ante la Fiscal\u00eda General de la Republica ante oficinas centrales de los de los 40 migrantes quemados en una c\u00e1rcel ilegal de Gobernaci\u00f3n ante el Instituto Nacional de Migraci\u00f3n\u201d.<\/em><\/p><\/blockquote>\n\n\n\n<p>Insisti\u00f3 en que agotar\u00e1n todas las instancias incluso las internacionales para que se castigue a los responsables, toda vez que no conf\u00eda en que las autoridades mexicanas act\u00faen conforme a la ley.<\/p>\n","protected":false},"excerpt":{"rendered":"<p>Jes\u00fas Utrilla \/ NV Noticias Organismos internacionales tendr\u00e1n que intervenir en el caso de la muerte de migrantes en Ciudad Ju\u00e1rez. Se deber\u00e1 denunciar por presunto homicidio al secretario de Gobernaci\u00f3n, Ad\u00e1n Augusto L\u00f3pez, al canciller Marcelo Ebrard y al director del Instituto Nacional de Migraci\u00f3n, Francisco Gardu\u00f1o, por la muerte de los 40 migrantes [&hellip;]<\/p>\n","protected":false},"author":8,"featured_media":103176,"comment_status":"open","ping_status":"open","sticky":false,"template":"","format":"standard","meta":{"_monsterinsights_skip_tracking":false,"_monsterinsights_sitenote_active":false,"_monsterinsights_sitenote_note":"","_monsterinsights_sitenote_category":0,"footnotes":""},"categories":[154],"tags":[162,3067],"class_list":["post-103172","post","type-post","status-publish","format-standard","has-post-thumbnail","hentry","category-veracruz","tag-portada","tag-silvano-aureoles","wp-image-borders"],"amp_enabled":true,"_links":{"self":[{"href":"https:\/\/nvnoticias.mx\/index.php\/wp-json\/wp\/v2\/posts\/103172","targetHints":{"allow":["GET"]}}],"collection":[{"href":"https:\/\/nvnoticias.mx\/index.php\/wp-json\/wp\/v2\/posts"}],"about":[{"href":"https:\/\/nvnoticias.mx\/index.php\/wp-json\/wp\/v2\/types\/post"}],"author":[{"embeddable":true,"href":"https:\/\/nvnoticias.mx\/index.php\/wp-json\/wp\/v2\/users\/8"}],"replies":[{"embeddable":true,"href":"https:\/\/nvnoticias.mx\/index.php\/wp-json\/wp\/v2\/comments?post=103172"}],"version-history":[{"count":1,"href":"https:\/\/nvnoticias.mx\/index.php\/wp-json\/wp\/v2\/posts\/103172\/revisions"}],"predecessor-version":[{"id":103177,"href":"https:\/\/nvnoticias.mx\/index.php\/wp-json\/wp\/v2\/posts\/103172\/revisions\/103177"}],"wp:featuredmedia":[{"embeddable":true,"href":"https:\/\/nvnoticias.mx\/index.php\/wp-json\/wp\/v2\/media\/103176"}],"wp:attachment":[{"href":"https:\/\/nvnoticias.mx\/index.php\/wp-json\/wp\/v2\/media?parent=103172"}],"wp:term":[{"taxonomy":"category","embeddable":true,"href":"https:\/\/nvnoticias.mx\/index.php\/wp-json\/wp\/v2\/categories?post=103172"},{"taxonomy":"post_tag","embeddable":true,"href":"https:\/\/nvnoticias.mx\/index.php\/wp-json\/wp\/v2\/tags?post=103172"}],"curies":[{"name":"wp","href":"https:\/\/api.w.org\/{rel}","templated":true}]}}