{"id":103122,"date":"2023-04-14T13:33:54","date_gmt":"2023-04-14T18:33:54","guid":{"rendered":"https:\/\/nvnoticias.mx\/?p=103122"},"modified":"2023-04-14T13:33:56","modified_gmt":"2023-04-14T18:33:56","slug":"senado-buscara-derogar-la-figura-de-delitos-contra-instituciones-de-seguridad-publica","status":"publish","type":"post","link":"https:\/\/nvnoticias.mx\/index.php\/2023\/04\/14\/senado-buscara-derogar-la-figura-de-delitos-contra-instituciones-de-seguridad-publica\/","title":{"rendered":"Senado buscar\u00e1 derogar la figura de Delitos contra Instituciones de Seguridad P\u00fablica"},"content":{"rendered":"\n<p><strong>Jes\u00fas Utrilla \/ NV Noticias<\/strong><\/p>\n\n\n\n<p>Seguridad P\u00fablica se intenta mantener medidas similares a los Ultrajes a la Autoridad para afectar a los ciudadanos, se\u00f1al\u00f3 el presidente de la Junta de Coordinaci\u00f3n Pol\u00edtica del Senado Ricardo Monreal \u00c1vila. <\/p>\n\n\n\n<p>Dijo que se trata de figuras que no deber\u00edan existir en ninguna legislaci\u00f3n, por ello propuso impulsar un C\u00f3digo Penal \u00danico para que en los estados no se abuse al crear tipos penales que afecten a la sociedad. <\/p>\n\n\n\n<p>Record\u00f3 que en la semana se aprob\u00f3 en el Senado un C\u00f3digo \u00danico en Materia Civil y Familiar y lo mismo puede hacerse en lo penal para que el Congreso local no se vea tentado a legislar sobre figuras que act\u00faan como instrumentos abusivos contra los ciudadanos. <\/p>\n\n\n\n<blockquote class=\"wp-block-quote is-layout-flow wp-block-quote-is-layout-flow\"><p><em>&#8220;Esta figura tambi\u00e9n la vamos a combatir en la corte y hablar\u00e9 para que esta figura sea derogada y todas las que existan bajo esta situaci\u00f3n de afectar a los ciudadanos. No lo merece Veracruz. Es primero con exhortos al Congreso local y luego ante la Corte en caso indispensable pero primero estamos buscando un C\u00f3digo Penal \u00danico que aplique en todo el pa\u00eds\u201d.  <\/em><\/p><\/blockquote>\n\n\n\n<p>Por otro lado dijo que para resolver el tema del Instituto Nacional de Transparencia, Acceso a la Informaci\u00f3n y Protecci\u00f3n de Datos Personales (INAI) existen tres v\u00edas: la primera es la controversia constitucional promovida ante la Suprema Corte de Justicia de la Naci\u00f3n (SCJN), por la falta de nombramiento de integrantes del Pleno. <\/p>\n\n\n\n<p>La segunda es que el Senado nombre antes de que concluya abril a por lo menos un consejero para que haya qu\u00f3rum y la tercera un periodo extraordinario. <\/p>\n\n\n\n<p>Sin embargo,  el presidente de la Junta de Coordinaci\u00f3n Pol\u00edtica del Senado, Ricardo Monreal \u00c1vila, dijo que el INAI no puede quedar en receso porque se llama de un \u00f3rgano aut\u00f3nomo para la vida del pa\u00eds. <\/p>\n\n\n\n<p>Durante su visita a Veracruz, el presidente de la Junta de Coordinaci\u00f3n Pol\u00edtica del Senado, Ricardo Monreal \u00c1vila, afirm\u00f3 ser el m\u00e1s preparado de todos los aspirantes para suceder al presidente de la Rep\u00fablica, pues cuenta con una carrera legislativa de tres veces diputado federal y tres veces senador, fue gobernador, alcalde de la Ciudad de M\u00e9xico e inici\u00f3 como regidor.<\/p>\n\n\n\n<blockquote class=\"wp-block-quote is-layout-flow wp-block-quote-is-layout-flow\"><p>&#8220;<em>Les puedo decir sin una falsa modestia que soy el m\u00e1s preparado de todos. Mi vida en 42 a\u00f1os est\u00e1 limpia. No tengo en el ropero cad\u00e1veres escondidos. Estoy limpio y creo que puedo suceder con inteligencia al Presidente de la Rep\u00fablica y hacer un papel digno\u201d.<\/em> <\/p><\/blockquote>\n\n\n\n<p>Asimismo dese\u00f3 suerte a la secretaria de Energ\u00eda Roc\u00edo Nahle, a quien consider\u00f3 una buena colaboradora del presidente de la Rep\u00fablica y que podr\u00eda hacer buen papel contendiendo por la gubernatura de Veracruz. <\/p>\n","protected":false},"excerpt":{"rendered":"<p>Jes\u00fas Utrilla \/ NV Noticias Seguridad P\u00fablica se intenta mantener medidas similares a los Ultrajes a la Autoridad para afectar a los ciudadanos, se\u00f1al\u00f3 el presidente de la Junta de Coordinaci\u00f3n Pol\u00edtica del Senado Ricardo Monreal \u00c1vila. Dijo que se trata de figuras que no deber\u00edan existir en ninguna legislaci\u00f3n, por ello propuso impulsar un [&hellip;]<\/p>\n","protected":false},"author":8,"featured_media":103128,"comment_status":"open","ping_status":"open","sticky":false,"template":"","format":"standard","meta":{"_monsterinsights_skip_tracking":false,"_monsterinsights_sitenote_active":false,"_monsterinsights_sitenote_note":"","_monsterinsights_sitenote_category":0,"footnotes":""},"categories":[154],"tags":[162,600],"class_list":["post-103122","post","type-post","status-publish","format-standard","has-post-thumbnail","hentry","category-veracruz","tag-portada","tag-ricardo-monreal","wp-image-borders"],"amp_enabled":true,"_links":{"self":[{"href":"https:\/\/nvnoticias.mx\/index.php\/wp-json\/wp\/v2\/posts\/103122","targetHints":{"allow":["GET"]}}],"collection":[{"href":"https:\/\/nvnoticias.mx\/index.php\/wp-json\/wp\/v2\/posts"}],"about":[{"href":"https:\/\/nvnoticias.mx\/index.php\/wp-json\/wp\/v2\/types\/post"}],"author":[{"embeddable":true,"href":"https:\/\/nvnoticias.mx\/index.php\/wp-json\/wp\/v2\/users\/8"}],"replies":[{"embeddable":true,"href":"https:\/\/nvnoticias.mx\/index.php\/wp-json\/wp\/v2\/comments?post=103122"}],"version-history":[{"count":1,"href":"https:\/\/nvnoticias.mx\/index.php\/wp-json\/wp\/v2\/posts\/103122\/revisions"}],"predecessor-version":[{"id":103129,"href":"https:\/\/nvnoticias.mx\/index.php\/wp-json\/wp\/v2\/posts\/103122\/revisions\/103129"}],"wp:featuredmedia":[{"embeddable":true,"href":"https:\/\/nvnoticias.mx\/index.php\/wp-json\/wp\/v2\/media\/103128"}],"wp:attachment":[{"href":"https:\/\/nvnoticias.mx\/index.php\/wp-json\/wp\/v2\/media?parent=103122"}],"wp:term":[{"taxonomy":"category","embeddable":true,"href":"https:\/\/nvnoticias.mx\/index.php\/wp-json\/wp\/v2\/categories?post=103122"},{"taxonomy":"post_tag","embeddable":true,"href":"https:\/\/nvnoticias.mx\/index.php\/wp-json\/wp\/v2\/tags?post=103122"}],"curies":[{"name":"wp","href":"https:\/\/api.w.org\/{rel}","templated":true}]}}