{"id":103109,"date":"2023-04-14T12:35:30","date_gmt":"2023-04-14T17:35:30","guid":{"rendered":"https:\/\/nvnoticias.mx\/?p=103109"},"modified":"2023-04-14T12:38:43","modified_gmt":"2023-04-14T17:38:43","slug":"preven-temporada-de-ciclones-moderada","status":"publish","type":"post","link":"https:\/\/nvnoticias.mx\/index.php\/2023\/04\/14\/preven-temporada-de-ciclones-moderada\/","title":{"rendered":"Prev\u00e9n temporada de ciclones moderada"},"content":{"rendered":"\n<p><strong>Sam Ojeda \/ NV Noticias<\/strong><\/p>\n\n\n\n<p>Xalapa.- Este a\u00f1o se prev\u00e9 que la actividad de ciclones y tormentas tropicales sea \u201cmoderada\u201d en el litoral del Atl\u00e1ntico, Mar Caribe y Golfo de M\u00e9xico, inform\u00f3 el subcoordinador de Pron\u00f3stico Meteorol\u00f3gico y Estacional de Protecci\u00f3n Civil, Federico Acevedo Rosas.<\/p>\n\n\n\n<p>Lo anterior dado que la la Universidad Estatal de Colorado y la plataforma Tropical Storm Risk publicaron sus respectivas proyecciones a mediano y largo plazo en lo correspondiente a la temporada de huracanes que inicia el 1 de junio.<\/p>\n\n\n\n<p>La Universidad de Colorado pronostic\u00f3 13 eventos y de esta cantidad siete corresponden a tormentas tropicales; cuatro a huracanes categor\u00eda 1-2 y dos huracanes categor\u00eda 3-4-5.  Adicionalmente, Tropical Storm Risk proyect\u00f3 12 eventos para el 2023, correspondiente a 6 tormentas tropicales, 4 huracanes categor\u00eda 1-2 y dos huracanes en categor\u00eda mayor.   <\/p>\n\n\n\n<p>Acevedo Rosas indic\u00f3 que se prev\u00e9 que en el verano se genere un evento de \u201cEl Ni\u00f1o\u201d extraordinario, y cuando ocurre este la actividad cicl\u00f3nica en la cuenca del Atl\u00e1ntico disminuye significativamente. <\/p>\n\n\n\n<p>Sin embargo, advirti\u00f3 que las temperaturas del Atl\u00e1ntico han estado \u201cmuy altas\u201d en los \u00faltimos d\u00edas y se espera que esto continue en los pr\u00f3ximos meses.<\/p>\n\n\n\n<blockquote class=\"wp-block-quote is-layout-flow wp-block-quote-is-layout-flow\"><p><em>&#8220;Y al estar el mar caliente existe la posibilidad de que se puedan dar ciclones tropicales\u201d.<\/em><\/p><\/blockquote>\n\n\n\n<p><\/p>\n","protected":false},"excerpt":{"rendered":"<p>Sam Ojeda \/ NV Noticias Xalapa.- Este a\u00f1o se prev\u00e9 que la actividad de ciclones y tormentas tropicales sea \u201cmoderada\u201d en el litoral del Atl\u00e1ntico, Mar Caribe y Golfo de M\u00e9xico, inform\u00f3 el subcoordinador de Pron\u00f3stico Meteorol\u00f3gico y Estacional de Protecci\u00f3n Civil, Federico Acevedo Rosas. Lo anterior dado que la la Universidad Estatal de Colorado [&hellip;]<\/p>\n","protected":false},"author":8,"featured_media":62631,"comment_status":"open","ping_status":"open","sticky":false,"template":"","format":"standard","meta":{"_monsterinsights_skip_tracking":false,"_monsterinsights_sitenote_active":false,"_monsterinsights_sitenote_note":"","_monsterinsights_sitenote_category":0,"footnotes":""},"categories":[156],"tags":[5417],"class_list":["post-103109","post","type-post","status-publish","format-standard","has-post-thumbnail","hentry","category-estado","tag-ciclones","wp-image-borders"],"amp_enabled":true,"_links":{"self":[{"href":"https:\/\/nvnoticias.mx\/index.php\/wp-json\/wp\/v2\/posts\/103109","targetHints":{"allow":["GET"]}}],"collection":[{"href":"https:\/\/nvnoticias.mx\/index.php\/wp-json\/wp\/v2\/posts"}],"about":[{"href":"https:\/\/nvnoticias.mx\/index.php\/wp-json\/wp\/v2\/types\/post"}],"author":[{"embeddable":true,"href":"https:\/\/nvnoticias.mx\/index.php\/wp-json\/wp\/v2\/users\/8"}],"replies":[{"embeddable":true,"href":"https:\/\/nvnoticias.mx\/index.php\/wp-json\/wp\/v2\/comments?post=103109"}],"version-history":[{"count":1,"href":"https:\/\/nvnoticias.mx\/index.php\/wp-json\/wp\/v2\/posts\/103109\/revisions"}],"predecessor-version":[{"id":103110,"href":"https:\/\/nvnoticias.mx\/index.php\/wp-json\/wp\/v2\/posts\/103109\/revisions\/103110"}],"wp:featuredmedia":[{"embeddable":true,"href":"https:\/\/nvnoticias.mx\/index.php\/wp-json\/wp\/v2\/media\/62631"}],"wp:attachment":[{"href":"https:\/\/nvnoticias.mx\/index.php\/wp-json\/wp\/v2\/media?parent=103109"}],"wp:term":[{"taxonomy":"category","embeddable":true,"href":"https:\/\/nvnoticias.mx\/index.php\/wp-json\/wp\/v2\/categories?post=103109"},{"taxonomy":"post_tag","embeddable":true,"href":"https:\/\/nvnoticias.mx\/index.php\/wp-json\/wp\/v2\/tags?post=103109"}],"curies":[{"name":"wp","href":"https:\/\/api.w.org\/{rel}","templated":true}]}}