{"id":103092,"date":"2023-04-14T11:52:02","date_gmt":"2023-04-14T16:52:02","guid":{"rendered":"https:\/\/nvnoticias.mx\/?p=103092"},"modified":"2023-04-14T11:52:46","modified_gmt":"2023-04-14T16:52:46","slug":"suman-3-funcionarios-del-inm-detenidos","status":"publish","type":"post","link":"https:\/\/nvnoticias.mx\/index.php\/2023\/04\/14\/suman-3-funcionarios-del-inm-detenidos\/","title":{"rendered":"Suman 3 funcionarios del INM detenidos"},"content":{"rendered":"\n<p>La Fiscal\u00eda General de la Rep\u00fablica (FGR) detuvo este jueves a tres de los cuatro funcionarios del Instituto Nacional de Migraci\u00f3n (INM), a quienes se les gir\u00f3 orden de aprehensi\u00f3n este mismo d\u00eda por su presunta vinculaci\u00f3n directa en el incendio en la Estaci\u00f3n Migratoria de Ciudad Ju\u00e1rez.<\/p>\n\n\n\n<p>Se trata del jefe de Recursos Materiales del INM,&nbsp;<strong>Eduardo Apodaca Magallanes<\/strong>; el coordinador del Grupo Beta Protecci\u00f3n Migrante,&nbsp;<strong>Juan Carlos Meza Cumplido<\/strong>; la agente Migratoria,&nbsp;<strong>Cecilia Rivera Tena.<\/strong><\/p>\n\n\n\n<p>Por lo que, s\u00f3lo falta por ser detenido el delegado del INM, contraalmirante retirado, Salvador Gonz\u00e1lez Guerrero, quien no han sido localizado por los elementos de la Polic\u00eda Federal Ministerial (PFM) comisionados para ejecutar los mandamientos judiciales.<\/p>\n\n\n\n<p>De acuerdo con el Registro Nacional de Detenciones (RND), Meza Cumplido fue detenido este jueves en Ciudad Ju\u00e1rez, frente a la Unidad Administrativa del Gobierno de Chihuahua y el camell\u00f3n central.<\/p>\n\n\n\n<p>En tanto, los agentes ministerial le cumplimentaron la orden de captura a Cecilia Rivera Tena, en la localidad de Ascensi\u00f3n.<\/p>\n\n\n\n<p>Ambos est\u00e1n siendo trasladados para ser puestos a disposici\u00f3n del juez que los requiere.<\/p>\n\n\n\n<p>Fuente:<a href=\"https:\/\/www.eluniversal.com.mx\/nacion\/suman-3-funcionarios-del-inm-detenidos-por-incendio-en-ciudad-juarez\/\" data-type=\"URL\" data-id=\"https:\/\/www.eluniversal.com.mx\/nacion\/suman-3-funcionarios-del-inm-detenidos-por-incendio-en-ciudad-juarez\/\"> El Universal <\/a><\/p>\n","protected":false},"excerpt":{"rendered":"<p>La Fiscal\u00eda General de la Rep\u00fablica (FGR) detuvo este jueves a tres de los cuatro funcionarios del Instituto Nacional de Migraci\u00f3n (INM), a quienes se les gir\u00f3 orden de aprehensi\u00f3n este mismo d\u00eda por su presunta vinculaci\u00f3n directa en el incendio en la Estaci\u00f3n Migratoria de Ciudad Ju\u00e1rez. Se trata del jefe de Recursos Materiales [&hellip;]<\/p>\n","protected":false},"author":35,"featured_media":102230,"comment_status":"open","ping_status":"open","sticky":false,"template":"","format":"standard","meta":{"_monsterinsights_skip_tracking":false,"_monsterinsights_sitenote_active":false,"_monsterinsights_sitenote_note":"","_monsterinsights_sitenote_category":0,"footnotes":""},"categories":[158],"tags":[788,2665,451,7542],"class_list":["post-103092","post","type-post","status-publish","format-standard","has-post-thumbnail","hentry","category-politica","tag-detenidos","tag-funcionarios","tag-inm","tag-suman","wp-image-borders"],"amp_enabled":true,"_links":{"self":[{"href":"https:\/\/nvnoticias.mx\/index.php\/wp-json\/wp\/v2\/posts\/103092","targetHints":{"allow":["GET"]}}],"collection":[{"href":"https:\/\/nvnoticias.mx\/index.php\/wp-json\/wp\/v2\/posts"}],"about":[{"href":"https:\/\/nvnoticias.mx\/index.php\/wp-json\/wp\/v2\/types\/post"}],"author":[{"embeddable":true,"href":"https:\/\/nvnoticias.mx\/index.php\/wp-json\/wp\/v2\/users\/35"}],"replies":[{"embeddable":true,"href":"https:\/\/nvnoticias.mx\/index.php\/wp-json\/wp\/v2\/comments?post=103092"}],"version-history":[{"count":4,"href":"https:\/\/nvnoticias.mx\/index.php\/wp-json\/wp\/v2\/posts\/103092\/revisions"}],"predecessor-version":[{"id":103096,"href":"https:\/\/nvnoticias.mx\/index.php\/wp-json\/wp\/v2\/posts\/103092\/revisions\/103096"}],"wp:featuredmedia":[{"embeddable":true,"href":"https:\/\/nvnoticias.mx\/index.php\/wp-json\/wp\/v2\/media\/102230"}],"wp:attachment":[{"href":"https:\/\/nvnoticias.mx\/index.php\/wp-json\/wp\/v2\/media?parent=103092"}],"wp:term":[{"taxonomy":"category","embeddable":true,"href":"https:\/\/nvnoticias.mx\/index.php\/wp-json\/wp\/v2\/categories?post=103092"},{"taxonomy":"post_tag","embeddable":true,"href":"https:\/\/nvnoticias.mx\/index.php\/wp-json\/wp\/v2\/tags?post=103092"}],"curies":[{"name":"wp","href":"https:\/\/api.w.org\/{rel}","templated":true}]}}