{"id":103054,"date":"2023-04-14T10:23:57","date_gmt":"2023-04-14T15:23:57","guid":{"rendered":"https:\/\/nvnoticias.mx\/?p=103054"},"modified":"2023-04-14T10:23:59","modified_gmt":"2023-04-14T15:23:59","slug":"mexico-incauta-20-armas-al-dia-por-una-que-realiza-eu-ebrard","status":"publish","type":"post","link":"https:\/\/nvnoticias.mx\/index.php\/2023\/04\/14\/mexico-incauta-20-armas-al-dia-por-una-que-realiza-eu-ebrard\/","title":{"rendered":"M\u00e9xico incauta 20 armas al d\u00eda por una que realiza EU: Ebrard"},"content":{"rendered":"\n<p>Durante la reuni\u00f3n bilateral con Estados Unidos para combatir el tr\u00e1fico de fentanilo realizada ayer en Washington, el canciller Marcelo Ebrard destac\u00f3 la disparidad de esfuerzos que realizan ambas naciones en la incautaci\u00f3n y aseguramiento de armas de fuego que fortalecen a los grupos del crimen organizado.<\/p>\n\n\n\n<p>De acuerdo con&nbsp;la informaci\u00f3n compartida en el encuentro, la Fiscal\u00eda General de la Rep\u00fablica asegura 57 armas por d\u00eda, mientras que la Oficina de Aduanas y Protecci\u00f3n Fronteriza estadunidense solo reporta tres decomisos por jornada.<\/p>\n\n\n\n<p>La delegaci\u00f3n del gobierno federal entreg\u00f3 cifras que muestran que del 1 de enero de 2020 y el 22 de diciembre de 2022 se incautaron 62 mil 246 armas de fuego en el pa\u00eds, de las cuales la mayor cantidad de ellas se aseguraron en municipios fronterizos como Tijuana, Ciudad Ju\u00e1rez, Reynosa y Nuevo Laredo.<\/p>\n\n\n\n<p>En contraparte, las autoridades estadunidenses sumaron&nbsp;3 mil 257 piezas decomisadas en ese mismo lapso, siendo los condados de Tucson, San Diego y Laredo las zonas con mayores aseguramientos por parte de la Patrulla Fronteriza.<\/p>\n\n\n\n<p>Tras participar en la reuni\u00f3n bilateral, Ebrard inform\u00f3 que se solicit\u00f3 la creaci\u00f3n de un equipo para supervisar los puntos fronterizos de cruce y que se trabaje en evitar el libre paso de armas hacia el pa\u00eds.<\/p>\n\n\n\n<blockquote class=\"wp-block-quote is-layout-flow wp-block-quote-is-layout-flow\"><p>\u201cM\u00e9xico pidi\u00f3 un task force, un grupo especial, que se dedique semana con semana a ver en los puntos de cruce, que ese flujo de armas hacia M\u00e9xico se reduzca sustancialmente. Esto ya se ha discutido mucho con Estados Unidos, pero ahora se les propuso una medida muy espec\u00edfica y dijeron que s\u00ed. Desde mi punto de vista fue una buena reuni\u00f3n y pronto vamos a tener buenos resultados\u201d, dijo el titular de Relaciones Exteriores.<\/p><\/blockquote>\n\n\n\n<p><br>En la reuni\u00f3n, el gabinete de seguridad mexicano acord\u00f3 con su contraparte estadunidense la creaci\u00f3n de la Coordinaci\u00f3n Nacional contra el Tr\u00e1fico de Drogas Sint\u00e9ticas y Armas de Fuego, as\u00ed como fortalecer las aduanas.<br><\/p>\n\n\n\n<p>La delegaci\u00f3n encabezada por la secretaria de Seguridad y Protecci\u00f3n Ciudadana, Rosa Icela Rodr\u00edguez, y por el canciller, acord\u00f3 diversos puntos destacando la creaci\u00f3n de esa coordinaci\u00f3n para endurecer las acciones en materia de salud y seguridad y definir la pol\u00edtica p\u00fablica sobre trasiego de drogas y armas.<br><\/p>\n\n\n\n<p>Fuente: <a href=\"https:\/\/www.milenio.com\/politica\/mexico-incauta-20-armas-realiza-eu-ebrard\" data-type=\"URL\" data-id=\"https:\/\/www.milenio.com\/politica\/mexico-incauta-20-armas-realiza-eu-ebrard\">Milenio<\/a> <\/p>\n","protected":false},"excerpt":{"rendered":"<p>Durante la reuni\u00f3n bilateral con Estados Unidos para combatir el tr\u00e1fico de fentanilo realizada ayer en Washington, el canciller Marcelo Ebrard destac\u00f3 la disparidad de esfuerzos que realizan ambas naciones en la incautaci\u00f3n y aseguramiento de armas de fuego que fortalecen a los grupos del crimen organizado. De acuerdo con&nbsp;la informaci\u00f3n compartida en el encuentro, [&hellip;]<\/p>\n","protected":false},"author":35,"featured_media":102969,"comment_status":"open","ping_status":"open","sticky":false,"template":"","format":"standard","meta":{"_monsterinsights_skip_tracking":false,"_monsterinsights_sitenote_active":false,"_monsterinsights_sitenote_note":"","_monsterinsights_sitenote_category":0,"footnotes":""},"categories":[158],"tags":[24557,24556,391,292,162],"class_list":["post-103054","post","type-post","status-publish","format-standard","has-post-thumbnail","hentry","category-politica","tag-armss","tag-incauta","tag-marcelo-ebrard","tag-mexico","tag-portada","wp-image-borders"],"amp_enabled":true,"_links":{"self":[{"href":"https:\/\/nvnoticias.mx\/index.php\/wp-json\/wp\/v2\/posts\/103054","targetHints":{"allow":["GET"]}}],"collection":[{"href":"https:\/\/nvnoticias.mx\/index.php\/wp-json\/wp\/v2\/posts"}],"about":[{"href":"https:\/\/nvnoticias.mx\/index.php\/wp-json\/wp\/v2\/types\/post"}],"author":[{"embeddable":true,"href":"https:\/\/nvnoticias.mx\/index.php\/wp-json\/wp\/v2\/users\/35"}],"replies":[{"embeddable":true,"href":"https:\/\/nvnoticias.mx\/index.php\/wp-json\/wp\/v2\/comments?post=103054"}],"version-history":[{"count":3,"href":"https:\/\/nvnoticias.mx\/index.php\/wp-json\/wp\/v2\/posts\/103054\/revisions"}],"predecessor-version":[{"id":103057,"href":"https:\/\/nvnoticias.mx\/index.php\/wp-json\/wp\/v2\/posts\/103054\/revisions\/103057"}],"wp:featuredmedia":[{"embeddable":true,"href":"https:\/\/nvnoticias.mx\/index.php\/wp-json\/wp\/v2\/media\/102969"}],"wp:attachment":[{"href":"https:\/\/nvnoticias.mx\/index.php\/wp-json\/wp\/v2\/media?parent=103054"}],"wp:term":[{"taxonomy":"category","embeddable":true,"href":"https:\/\/nvnoticias.mx\/index.php\/wp-json\/wp\/v2\/categories?post=103054"},{"taxonomy":"post_tag","embeddable":true,"href":"https:\/\/nvnoticias.mx\/index.php\/wp-json\/wp\/v2\/tags?post=103054"}],"curies":[{"name":"wp","href":"https:\/\/api.w.org\/{rel}","templated":true}]}}