{"id":103043,"date":"2023-04-13T19:39:43","date_gmt":"2023-04-14T00:39:43","guid":{"rendered":"https:\/\/nvnoticias.mx\/?p=103043"},"modified":"2023-04-13T19:39:44","modified_gmt":"2023-04-14T00:39:44","slug":"con-centros-de-gestion-comunitaria-el-ayuntamiento-acerca-servicios-a-la-ciudadania","status":"publish","type":"post","link":"https:\/\/nvnoticias.mx\/index.php\/2023\/04\/13\/con-centros-de-gestion-comunitaria-el-ayuntamiento-acerca-servicios-a-la-ciudadania\/","title":{"rendered":"Con centros de gesti\u00f3n comunitaria, el Ayuntamiento acerca servicios a la ciudadan\u00eda"},"content":{"rendered":"\n<p>Xalapa, Ver.- Para servir como un contacto descentralizado de la Administraci\u00f3n Municipal, los 16 Centros de Gesti\u00f3n Comunitaria a cargo de la Direcci\u00f3n de Desarrollo Social acercan a la ciudadan\u00eda distintos servicios proporcionados por asociaciones civiles y los tres \u00f3rdenes de gobierno, directamente en su colonia. <\/p>\n\n\n\n<p>De acuerdo con el titular del \u00e1rea, Alejandro Moreno Hern\u00e1ndez, para este Ayuntamiento, la gesti\u00f3n comunitaria es una estrategia importante, por lo que a trav\u00e9s de autodiagn\u00f3sticos, se busca que la ciudadan\u00eda pueda identificar sus necesidades y las soluciones a las mismas, mediante la participaci\u00f3n en talleres enfocados a distintas actividades. <\/p>\n\n\n\n<p>En este sentido, dio a conocer que el Centro de Gesti\u00f3n Comunitaria m\u00e1s visitado es el de la colonia El Moral, por ser el m\u00e1s grande y el que cuenta con una mayor oferta cultural y de capacitaci\u00f3n, con talleres de cocina, ajedrez y teatro comunitario, entre otros.  <\/p>\n\n\n\n<p>De acuerdo con el funcionario, en coordinaci\u00f3n con otras instituciones como la Universidad Veracruzana, se realizan actividades como Jazz en tu Comunidad, donde alumnos de la escuela de Jazz acuden a Centros seleccionados para presentarse ante las familias; adem\u00e1s destacan los talleres de prevenci\u00f3n de la violencia, impartidos por personal de la Direcci\u00f3n de Seguridad Ciudadana y Tr\u00e1nsito Municipal.<\/p>\n\n\n\n<figure class=\"wp-block-gallery columns-3 is-cropped wp-block-gallery-1 is-layout-flex wp-block-gallery-is-layout-flex\"><ul class=\"blocks-gallery-grid\"><li class=\"blocks-gallery-item\"><figure><img loading=\"lazy\" decoding=\"async\" width=\"1024\" height=\"684\" src=\"https:\/\/nvnoticias.mx\/wp-content\/uploads\/2023\/04\/IMG-20230413-WA0130-1024x684.jpg\" alt=\"\" data-id=\"103044\" data-full-url=\"https:\/\/nvnoticias.mx\/wp-content\/uploads\/2023\/04\/IMG-20230413-WA0130.jpg\" data-link=\"https:\/\/nvnoticias.mx\/?attachment_id=103044\" class=\"wp-image-103044\" srcset=\"https:\/\/nvnoticias.mx\/wp-content\/uploads\/2023\/04\/IMG-20230413-WA0130-1024x684.jpg 1024w, https:\/\/nvnoticias.mx\/wp-content\/uploads\/2023\/04\/IMG-20230413-WA0130-300x200.jpg 300w, https:\/\/nvnoticias.mx\/wp-content\/uploads\/2023\/04\/IMG-20230413-WA0130-768x513.jpg 768w, https:\/\/nvnoticias.mx\/wp-content\/uploads\/2023\/04\/IMG-20230413-WA0130.jpg 1504w\" sizes=\"auto, (max-width: 1024px) 100vw, 1024px\" \/><\/figure><\/li><li class=\"blocks-gallery-item\"><figure><img loading=\"lazy\" decoding=\"async\" width=\"1024\" height=\"684\" src=\"https:\/\/nvnoticias.mx\/wp-content\/uploads\/2023\/04\/IMG-20230413-WA0128-1024x684.jpg\" alt=\"\" data-id=\"103045\" data-full-url=\"https:\/\/nvnoticias.mx\/wp-content\/uploads\/2023\/04\/IMG-20230413-WA0128.jpg\" data-link=\"https:\/\/nvnoticias.mx\/?attachment_id=103045\" class=\"wp-image-103045\" srcset=\"https:\/\/nvnoticias.mx\/wp-content\/uploads\/2023\/04\/IMG-20230413-WA0128-1024x684.jpg 1024w, https:\/\/nvnoticias.mx\/wp-content\/uploads\/2023\/04\/IMG-20230413-WA0128-300x200.jpg 300w, https:\/\/nvnoticias.mx\/wp-content\/uploads\/2023\/04\/IMG-20230413-WA0128-768x513.jpg 768w, https:\/\/nvnoticias.mx\/wp-content\/uploads\/2023\/04\/IMG-20230413-WA0128.jpg 1504w\" sizes=\"auto, (max-width: 1024px) 100vw, 1024px\" \/><\/figure><\/li><li class=\"blocks-gallery-item\"><figure><img loading=\"lazy\" decoding=\"async\" width=\"1024\" height=\"684\" src=\"https:\/\/nvnoticias.mx\/wp-content\/uploads\/2023\/04\/IMG-20230413-WA0129-1024x684.jpg\" alt=\"\" data-id=\"103046\" data-full-url=\"https:\/\/nvnoticias.mx\/wp-content\/uploads\/2023\/04\/IMG-20230413-WA0129.jpg\" data-link=\"https:\/\/nvnoticias.mx\/?attachment_id=103046\" class=\"wp-image-103046\" srcset=\"https:\/\/nvnoticias.mx\/wp-content\/uploads\/2023\/04\/IMG-20230413-WA0129-1024x684.jpg 1024w, https:\/\/nvnoticias.mx\/wp-content\/uploads\/2023\/04\/IMG-20230413-WA0129-300x200.jpg 300w, https:\/\/nvnoticias.mx\/wp-content\/uploads\/2023\/04\/IMG-20230413-WA0129-768x513.jpg 768w, https:\/\/nvnoticias.mx\/wp-content\/uploads\/2023\/04\/IMG-20230413-WA0129.jpg 1504w\" sizes=\"auto, (max-width: 1024px) 100vw, 1024px\" \/><\/figure><\/li><\/ul><\/figure>\n","protected":false},"excerpt":{"rendered":"<p>Xalapa, Ver.- Para servir como un contacto descentralizado de la Administraci\u00f3n Municipal, los 16 Centros de Gesti\u00f3n Comunitaria a cargo de la Direcci\u00f3n de Desarrollo Social acercan a la ciudadan\u00eda distintos servicios proporcionados por asociaciones civiles y los tres \u00f3rdenes de gobierno, directamente en su colonia. De acuerdo con el titular del \u00e1rea, Alejandro Moreno [&hellip;]<\/p>\n","protected":false},"author":8,"featured_media":103047,"comment_status":"open","ping_status":"open","sticky":false,"template":"","format":"standard","meta":{"_monsterinsights_skip_tracking":false,"_monsterinsights_sitenote_active":false,"_monsterinsights_sitenote_note":"","_monsterinsights_sitenote_category":0,"footnotes":""},"categories":[156],"tags":[10426,24552],"class_list":["post-103043","post","type-post","status-publish","format-standard","has-post-thumbnail","hentry","category-estado","tag-ayuntamiento-de-xalapa","tag-gestion-comunitaria","wp-image-borders"],"amp_enabled":true,"_links":{"self":[{"href":"https:\/\/nvnoticias.mx\/index.php\/wp-json\/wp\/v2\/posts\/103043","targetHints":{"allow":["GET"]}}],"collection":[{"href":"https:\/\/nvnoticias.mx\/index.php\/wp-json\/wp\/v2\/posts"}],"about":[{"href":"https:\/\/nvnoticias.mx\/index.php\/wp-json\/wp\/v2\/types\/post"}],"author":[{"embeddable":true,"href":"https:\/\/nvnoticias.mx\/index.php\/wp-json\/wp\/v2\/users\/8"}],"replies":[{"embeddable":true,"href":"https:\/\/nvnoticias.mx\/index.php\/wp-json\/wp\/v2\/comments?post=103043"}],"version-history":[{"count":1,"href":"https:\/\/nvnoticias.mx\/index.php\/wp-json\/wp\/v2\/posts\/103043\/revisions"}],"predecessor-version":[{"id":103048,"href":"https:\/\/nvnoticias.mx\/index.php\/wp-json\/wp\/v2\/posts\/103043\/revisions\/103048"}],"wp:featuredmedia":[{"embeddable":true,"href":"https:\/\/nvnoticias.mx\/index.php\/wp-json\/wp\/v2\/media\/103047"}],"wp:attachment":[{"href":"https:\/\/nvnoticias.mx\/index.php\/wp-json\/wp\/v2\/media?parent=103043"}],"wp:term":[{"taxonomy":"category","embeddable":true,"href":"https:\/\/nvnoticias.mx\/index.php\/wp-json\/wp\/v2\/categories?post=103043"},{"taxonomy":"post_tag","embeddable":true,"href":"https:\/\/nvnoticias.mx\/index.php\/wp-json\/wp\/v2\/tags?post=103043"}],"curies":[{"name":"wp","href":"https:\/\/api.w.org\/{rel}","templated":true}]}}