{"id":103037,"date":"2023-04-13T19:32:43","date_gmt":"2023-04-14T00:32:43","guid":{"rendered":"https:\/\/nvnoticias.mx\/?p=103037"},"modified":"2023-04-13T19:32:44","modified_gmt":"2023-04-14T00:32:44","slug":"gobierno-desaparecera-notimex-luego-de-tres-anos-de-huelga-anuncio-ricardo-monreal","status":"publish","type":"post","link":"https:\/\/nvnoticias.mx\/index.php\/2023\/04\/13\/gobierno-desaparecera-notimex-luego-de-tres-anos-de-huelga-anuncio-ricardo-monreal\/","title":{"rendered":"Gobierno desaparecer\u00e1 Notimex luego de tres a\u00f1os de huelga, anunci\u00f3 Ricardo Monreal"},"content":{"rendered":"\n<p>Luego de tres a\u00f1os en huelga, el senador Ricardo Monreal anunci\u00f3 este jueves que el gobierno federal desaparecer\u00e1 Notimex, la agencia de noticias del Estado Mexicano.<\/p>\n\n\n\n<p>En entrevista ante los medios y sin querer nombrarla, el morenista y aspirante presidencial dijo que no puede dar mayores detalles de la propuesta para cerrar el la agencia; sin embargo, afirm\u00f3 que se liquidar\u00e1 a sus trabajadores de acuerdo a la ley.<\/p>\n\n\n\n<blockquote class=\"wp-block-quote is-layout-flow wp-block-quote-is-layout-flow\"><p><em>Estoy enterado que habr\u00e1 dos organismo a liquidar en los pr\u00f3ximos d\u00edas: uno de la financiera rural (Financiera Nacional de Desarrollo Agropecuario, Rural, Forestal y Pesquero) y otro de los medios de comunicaci\u00f3n (notimex)\u201d<\/em><\/p><\/blockquote>\n\n\n\n<blockquote class=\"wp-block-quote is-layout-flow wp-block-quote-is-layout-flow\"><p>\u201c<em>Son mecanismos que la ley establece [&#8230;] A todos se les tiene que liquidar conforme a la ley, todo se respeta. S\u00e9 que ya est\u00e1 muy avanzada esa propuesta<\/em>\u201d, subray\u00f3.<\/p><\/blockquote>\n\n\n\n<p>Tras difundirse el anuncio, se gener\u00f3 un sinn\u00famero de reacciones en redes, sobre todo por la pol\u00e9mica decisi\u00f3n del presidente Andr\u00e9s Manuel L\u00f3pez Obrador de nombrar en 2018 a Sanjuana Mart\u00ednez, ex periodista de Proceso y La Jornada, pero afin al obradorismo, como la directora de Notimex.<\/p>\n\n\n\n<p>A finales de febrero de 2020, trabajadores afiliados al Sindicato \u00danico de Trabajadores de Notimex (SutNotimex) iniciaron una huelga por supuestos \u201cdespidos injustificados\u201d y violaciones a su contrato colectivo, acusaciones que la agencia oficial de informaci\u00f3n neg\u00f3 en todo momento.<\/p>\n\n\n\n<p>Fuente: <a href=\"https:\/\/www.infobae.com\/mexico\/2023\/04\/13\/gobierno-desaparecera-notimex-luego-de-tres-anos-de-huelga-aseguro-ricardo-monreal\/\">Infobae<\/a><\/p>\n","protected":false},"excerpt":{"rendered":"<p>Luego de tres a\u00f1os en huelga, el senador Ricardo Monreal anunci\u00f3 este jueves que el gobierno federal desaparecer\u00e1 Notimex, la agencia de noticias del Estado Mexicano. En entrevista ante los medios y sin querer nombrarla, el morenista y aspirante presidencial dijo que no puede dar mayores detalles de la propuesta para cerrar el la agencia; [&hellip;]<\/p>\n","protected":false},"author":8,"featured_media":103041,"comment_status":"open","ping_status":"open","sticky":false,"template":"","format":"standard","meta":{"_monsterinsights_skip_tracking":false,"_monsterinsights_sitenote_active":false,"_monsterinsights_sitenote_note":"","_monsterinsights_sitenote_category":0,"footnotes":""},"categories":[158],"tags":[24551,600],"class_list":["post-103037","post","type-post","status-publish","format-standard","has-post-thumbnail","hentry","category-politica","tag-notimex","tag-ricardo-monreal","wp-image-borders"],"amp_enabled":true,"_links":{"self":[{"href":"https:\/\/nvnoticias.mx\/index.php\/wp-json\/wp\/v2\/posts\/103037","targetHints":{"allow":["GET"]}}],"collection":[{"href":"https:\/\/nvnoticias.mx\/index.php\/wp-json\/wp\/v2\/posts"}],"about":[{"href":"https:\/\/nvnoticias.mx\/index.php\/wp-json\/wp\/v2\/types\/post"}],"author":[{"embeddable":true,"href":"https:\/\/nvnoticias.mx\/index.php\/wp-json\/wp\/v2\/users\/8"}],"replies":[{"embeddable":true,"href":"https:\/\/nvnoticias.mx\/index.php\/wp-json\/wp\/v2\/comments?post=103037"}],"version-history":[{"count":1,"href":"https:\/\/nvnoticias.mx\/index.php\/wp-json\/wp\/v2\/posts\/103037\/revisions"}],"predecessor-version":[{"id":103042,"href":"https:\/\/nvnoticias.mx\/index.php\/wp-json\/wp\/v2\/posts\/103037\/revisions\/103042"}],"wp:featuredmedia":[{"embeddable":true,"href":"https:\/\/nvnoticias.mx\/index.php\/wp-json\/wp\/v2\/media\/103041"}],"wp:attachment":[{"href":"https:\/\/nvnoticias.mx\/index.php\/wp-json\/wp\/v2\/media?parent=103037"}],"wp:term":[{"taxonomy":"category","embeddable":true,"href":"https:\/\/nvnoticias.mx\/index.php\/wp-json\/wp\/v2\/categories?post=103037"},{"taxonomy":"post_tag","embeddable":true,"href":"https:\/\/nvnoticias.mx\/index.php\/wp-json\/wp\/v2\/tags?post=103037"}],"curies":[{"name":"wp","href":"https:\/\/api.w.org\/{rel}","templated":true}]}}