{"id":103026,"date":"2023-04-13T18:39:18","date_gmt":"2023-04-13T23:39:18","guid":{"rendered":"https:\/\/nvnoticias.mx\/?p=103026"},"modified":"2023-04-13T18:39:19","modified_gmt":"2023-04-13T23:39:19","slug":"la-orquesta-filarmonica-de-boca-del-rio-se-presentara-en-el-foro-boca","status":"publish","type":"post","link":"https:\/\/nvnoticias.mx\/index.php\/2023\/04\/13\/la-orquesta-filarmonica-de-boca-del-rio-se-presentara-en-el-foro-boca\/","title":{"rendered":"La Orquesta Filarm\u00f3nica de Boca del R\u00edo se presentar\u00e1 en el Foro Boca"},"content":{"rendered":"\n<p><strong>Jes\u00fas Utrilla \/ NV Noticias<\/strong><\/p>\n\n\n\n<p>La Orquesta Filarm\u00f3nica de Boca del R\u00edo-Veracruz ofrecer\u00e1 dos conciertos este fin de semana, ambos ser\u00e1n en el Foro Boca, inform\u00f3 el pianista Juan de Jes\u00fas Galicia Garc\u00e9s.<\/p>\n\n\n\n<p>Este viernes 14 de abril se realizar\u00e1 el concierto, con la direcci\u00f3n del maestro Jorge Mester con piezas de Mozart y Haydn, la Cuarta Sinfon\u00eda de Brahms, por mencionar algunas piezas que estar\u00e1n interpretando. <\/p>\n\n\n\n<p>El 15 de abril, a las 6 de la tarde, en la Sala \u201cE\u201d del Foro Boca, se realizar\u00e1 el segundo recital de piano \u201c88 Teclas\u201d, teniendo como artista invitado al maestro Daniel Esp\u00edritu Narciso.<\/p>\n\n\n\n<blockquote class=\"wp-block-quote is-layout-flow wp-block-quote-is-layout-flow\"><p>&#8220;<em>El hecho de poderla escuchar en vivo, yo creo que es una gran oportunidad y a la gente le encanta la verdad, yo los invito a que vayan porque la gente siempre sale feliz de los conciertos<\/em>&#8220;.<\/p><\/blockquote>\n\n\n\n<p>Invit\u00f3 a asistir al concierto donde se interpretar\u00e1 un programa muy mexicano en honor al compositor mexicano Manuel M. Ponce.<\/p>\n\n\n\n<p>Los siguientes conciertos de la temporada \u201c88 Teclas\u201d ser\u00e1n el 20 de mayo a cargo de Juan Galicia, y el 17 de junio la maestra Argentina Dur\u00e1n, presenta el \u00faltimo concierto.<\/p>\n","protected":false},"excerpt":{"rendered":"<p>Jes\u00fas Utrilla \/ NV Noticias La Orquesta Filarm\u00f3nica de Boca del R\u00edo-Veracruz ofrecer\u00e1 dos conciertos este fin de semana, ambos ser\u00e1n en el Foro Boca, inform\u00f3 el pianista Juan de Jes\u00fas Galicia Garc\u00e9s. Este viernes 14 de abril se realizar\u00e1 el concierto, con la direcci\u00f3n del maestro Jorge Mester con piezas de Mozart y Haydn, [&hellip;]<\/p>\n","protected":false},"author":8,"featured_media":103027,"comment_status":"open","ping_status":"open","sticky":false,"template":"","format":"standard","meta":{"_monsterinsights_skip_tracking":false,"_monsterinsights_sitenote_active":false,"_monsterinsights_sitenote_note":"","_monsterinsights_sitenote_category":0,"footnotes":""},"categories":[154],"tags":[15509,24550],"class_list":["post-103026","post","type-post","status-publish","format-standard","has-post-thumbnail","hentry","category-veracruz","tag-foro-boca","tag-orquesta-filarmonica-de-boca-del-rio","wp-image-borders"],"amp_enabled":true,"_links":{"self":[{"href":"https:\/\/nvnoticias.mx\/index.php\/wp-json\/wp\/v2\/posts\/103026","targetHints":{"allow":["GET"]}}],"collection":[{"href":"https:\/\/nvnoticias.mx\/index.php\/wp-json\/wp\/v2\/posts"}],"about":[{"href":"https:\/\/nvnoticias.mx\/index.php\/wp-json\/wp\/v2\/types\/post"}],"author":[{"embeddable":true,"href":"https:\/\/nvnoticias.mx\/index.php\/wp-json\/wp\/v2\/users\/8"}],"replies":[{"embeddable":true,"href":"https:\/\/nvnoticias.mx\/index.php\/wp-json\/wp\/v2\/comments?post=103026"}],"version-history":[{"count":1,"href":"https:\/\/nvnoticias.mx\/index.php\/wp-json\/wp\/v2\/posts\/103026\/revisions"}],"predecessor-version":[{"id":103028,"href":"https:\/\/nvnoticias.mx\/index.php\/wp-json\/wp\/v2\/posts\/103026\/revisions\/103028"}],"wp:featuredmedia":[{"embeddable":true,"href":"https:\/\/nvnoticias.mx\/index.php\/wp-json\/wp\/v2\/media\/103027"}],"wp:attachment":[{"href":"https:\/\/nvnoticias.mx\/index.php\/wp-json\/wp\/v2\/media?parent=103026"}],"wp:term":[{"taxonomy":"category","embeddable":true,"href":"https:\/\/nvnoticias.mx\/index.php\/wp-json\/wp\/v2\/categories?post=103026"},{"taxonomy":"post_tag","embeddable":true,"href":"https:\/\/nvnoticias.mx\/index.php\/wp-json\/wp\/v2\/tags?post=103026"}],"curies":[{"name":"wp","href":"https:\/\/api.w.org\/{rel}","templated":true}]}}