{"id":103010,"date":"2023-04-13T15:21:15","date_gmt":"2023-04-13T20:21:15","guid":{"rendered":"https:\/\/nvnoticias.mx\/?p=103010"},"modified":"2023-04-13T15:21:16","modified_gmt":"2023-04-13T20:21:16","slug":"padecemos-la-violencia-originada-por-drogas-sinteticas-y-el-fuego-de-armas-ilicitas-sspc","status":"publish","type":"post","link":"https:\/\/nvnoticias.mx\/index.php\/2023\/04\/13\/padecemos-la-violencia-originada-por-drogas-sinteticas-y-el-fuego-de-armas-ilicitas-sspc\/","title":{"rendered":"Padecemos la violencia originada por drogas sint\u00e9ticas y el fuego de armas il\u00edcitas: SSPC"},"content":{"rendered":"\n<p>La titular de la\u00a0<strong>Secretar\u00eda de Seguridad y Protecci\u00f3n Ciudadana<\/strong>\u00a0(<strong>SSPC<\/strong>),\u00a0<strong>Rosa Icela Rodr\u00edguez<\/strong>, reiter\u00f3 que\u00a0<strong>M\u00e9xico no fabrica precursores qu\u00edmicos<\/strong>, vienen de Asia.<\/p>\n\n\n\n<blockquote class=\"wp-block-quote is-layout-flow wp-block-quote-is-layout-flow\"><p>\u201cM\u00e9xico tampoco fabrica\u00a0<strong>armas de alto poder<\/strong>, pero en M\u00e9xico, mi M\u00e9xico, padecemos la violencia originada por el<strong>\u00a0tr\u00e1fico de\u00a0drogas sint\u00e9ticas<\/strong>\u00a0y el poder\u00edo del fuego de las<a rel=\"noreferrer noopener\" href=\"https:\/\/www.eluniversal.com.mx\/tag\/trafico-de-armas\/\" target=\"_blank\"><strong>\u00a0armas il\u00edcitas<\/strong><\/a>&#8220;.<\/p><\/blockquote>\n\n\n\n<blockquote class=\"wp-block-quote is-layout-flow wp-block-quote-is-layout-flow\"><p>\u201cPodemos seguir una ruta por separado y ver c\u00f3mo las voces extremas culpan a nuestros gobiernos, o bien buscar una soluci\u00f3n juntos, una soluci\u00f3n binacional\u201d, asever\u00f3 la funcionaria durante la reuni\u00f3n bilateral M\u00e9xico- Estados Unidos.<\/p><\/blockquote>\n\n\n\n<p>Afirm\u00f3 que el Gabinete de Seguridad defender\u00e1 con hechos la dura campa\u00f1a pol\u00edtica electoral emprendida contra M\u00e9xico.<\/p>\n\n\n\n<blockquote class=\"wp-block-quote is-layout-flow wp-block-quote-is-layout-flow\"><p>\u201cEs nuestro M\u00e9xico y lo vamos a defender a todos los lugares, con resultados, con honestidad y con valor, frente a un peque\u00f1o grupo que hace propuestas inviables e inaceptables en lo que debe ser un esfuerzo, no de agresi\u00f3n sino de cooperaci\u00f3n permanente&#8221;.<\/p><\/blockquote>\n\n\n\n<blockquote class=\"wp-block-quote is-layout-flow wp-block-quote-is-layout-flow\"><p>\u201cM\u00e9xico y Estados Unidos tenemos un respeto rec\u00edproco por las soberan\u00edas\u2026 M\u00e9xico y Estados Unidos estamos juntos por La Paz\u201d, asever\u00f3.<\/p><\/blockquote>\n\n\n\n<p>Resalt\u00f3 que los presidentes Joe Biden y L\u00f3pez Obrador han decidido, \u201cque nosotras, Elizabeth Sherwood-Randall y una servidora, encabecemos una soluci\u00f3n conjunta y lo estamos haciendo\u201d.<\/p>\n\n\n\n<p>La titular de la SSPC manifest\u00f3 que el Estado Mexicano est\u00e1 dispuesto a la cooperaci\u00f3n con Estados Unidos para erradicar la pandemia del fentanilo.<\/p>\n\n\n\n<p>Subray\u00f3 que quieren tejer la estrategia coordinada para proteger a las poblaciones y constituye un reforzamiento del Entendimiento Bicentenario.<\/p>\n\n\n\n<p>La funcionaria se\u00f1al\u00f3 que buscan aumentar las incautaciones de drogas y armas, seguir con la detenci\u00f3n de objetivos prioritarios, desmantelar redes financieras; debilitar la capacidad y cadenas de suministro del crimen organizado.<\/p>\n\n\n\n<blockquote class=\"wp-block-quote is-layout-flow wp-block-quote-is-layout-flow\"><p>\u201cCompartir informaci\u00f3n para reducir el tr\u00e1fico de armas y municiones, pero al mismo tiempo bajar el consumo de drogas sint\u00e9ticas; frenar el tr\u00e1fico ilegal de precursores qu\u00edmicos, fortalecer su control y la aplicaci\u00f3n de sanciones&#8221;.<\/p><\/blockquote>\n\n\n\n<blockquote class=\"wp-block-quote is-layout-flow wp-block-quote-is-layout-flow\"><p>\u201cEn resumen, una mayor operaci\u00f3n y coadyuvancia en una relaci\u00f3n entre iguales\u201d, detall\u00f3 la funcionaria.<\/p><\/blockquote>\n\n\n\n<p><\/p>\n\n\n\n<p>As\u00ed como instalar una campa\u00f1a binacional preventiva que muestre lo que hacen ambas naciones y que juntas pueden combatir este flagelo.<\/p>\n\n\n\n<p>Dijo que en M\u00e9xico tienen apoyo de los maestros para prevenir el consumo de drogas sint\u00e9ticas entre j\u00f3venes y las familias necesitan saber c\u00f3mo una leve dosis de fentanilo mata en varias formas a quien la consume. Pero tambi\u00e9n el c\u00edrculo de violencia que se da en su proceso de tr\u00e1fico.<\/p>\n\n\n\n<p>Fuente:<a href=\"https:\/\/www.eluniversal.com.mx\/nacion\/padecemos-la-violencia-originada-por-el-trafico-de-drogas-sinteticas-y-el-poderio-del-fuego-de-las-armas-ilicitas-sspc\/\" data-type=\"URL\" data-id=\"https:\/\/www.eluniversal.com.mx\/nacion\/padecemos-la-violencia-originada-por-el-trafico-de-drogas-sinteticas-y-el-poderio-del-fuego-de-las-armas-ilicitas-sspc\/\"> El Financiero<\/a> <\/p>\n","protected":false},"excerpt":{"rendered":"<p>La titular de la\u00a0Secretar\u00eda de Seguridad y Protecci\u00f3n Ciudadana\u00a0(SSPC),\u00a0Rosa Icela Rodr\u00edguez, reiter\u00f3 que\u00a0M\u00e9xico no fabrica precursores qu\u00edmicos, vienen de Asia. \u201cM\u00e9xico tampoco fabrica\u00a0armas de alto poder, pero en M\u00e9xico, mi M\u00e9xico, padecemos la violencia originada por el\u00a0tr\u00e1fico de\u00a0drogas sint\u00e9ticas\u00a0y el poder\u00edo del fuego de las\u00a0armas il\u00edcitas&#8220;. \u201cPodemos seguir una ruta por separado y ver c\u00f3mo [&hellip;]<\/p>\n","protected":false},"author":35,"featured_media":103013,"comment_status":"open","ping_status":"open","sticky":false,"template":"","format":"standard","meta":{"_monsterinsights_skip_tracking":false,"_monsterinsights_sitenote_active":false,"_monsterinsights_sitenote_note":"","_monsterinsights_sitenote_category":0,"footnotes":""},"categories":[158],"tags":[24548,22354,10738,24547,162,2924,203],"class_list":["post-103010","post","type-post","status-publish","format-standard","has-post-thumbnail","hentry","category-politica","tag-armas-ilicitas","tag-drogas-sinteticas","tag-fuego","tag-padecemos","tag-portada","tag-sspc","tag-violencia","wp-image-borders"],"amp_enabled":true,"_links":{"self":[{"href":"https:\/\/nvnoticias.mx\/index.php\/wp-json\/wp\/v2\/posts\/103010","targetHints":{"allow":["GET"]}}],"collection":[{"href":"https:\/\/nvnoticias.mx\/index.php\/wp-json\/wp\/v2\/posts"}],"about":[{"href":"https:\/\/nvnoticias.mx\/index.php\/wp-json\/wp\/v2\/types\/post"}],"author":[{"embeddable":true,"href":"https:\/\/nvnoticias.mx\/index.php\/wp-json\/wp\/v2\/users\/35"}],"replies":[{"embeddable":true,"href":"https:\/\/nvnoticias.mx\/index.php\/wp-json\/wp\/v2\/comments?post=103010"}],"version-history":[{"count":3,"href":"https:\/\/nvnoticias.mx\/index.php\/wp-json\/wp\/v2\/posts\/103010\/revisions"}],"predecessor-version":[{"id":103014,"href":"https:\/\/nvnoticias.mx\/index.php\/wp-json\/wp\/v2\/posts\/103010\/revisions\/103014"}],"wp:featuredmedia":[{"embeddable":true,"href":"https:\/\/nvnoticias.mx\/index.php\/wp-json\/wp\/v2\/media\/103013"}],"wp:attachment":[{"href":"https:\/\/nvnoticias.mx\/index.php\/wp-json\/wp\/v2\/media?parent=103010"}],"wp:term":[{"taxonomy":"category","embeddable":true,"href":"https:\/\/nvnoticias.mx\/index.php\/wp-json\/wp\/v2\/categories?post=103010"},{"taxonomy":"post_tag","embeddable":true,"href":"https:\/\/nvnoticias.mx\/index.php\/wp-json\/wp\/v2\/tags?post=103010"}],"curies":[{"name":"wp","href":"https:\/\/api.w.org\/{rel}","templated":true}]}}