{"id":102992,"date":"2023-04-13T14:45:03","date_gmt":"2023-04-13T19:45:03","guid":{"rendered":"https:\/\/nvnoticias.mx\/?p=102992"},"modified":"2023-04-13T14:45:04","modified_gmt":"2023-04-13T19:45:04","slug":"en-el-museo-salvador-diaz-miron-se-realiza-la-exposicion-cultura-y-arte-emplatado","status":"publish","type":"post","link":"https:\/\/nvnoticias.mx\/index.php\/2023\/04\/13\/en-el-museo-salvador-diaz-miron-se-realiza-la-exposicion-cultura-y-arte-emplatado\/","title":{"rendered":"En el Museo Salvador D\u00edaz Mir\u00f3n se realiza la exposici\u00f3n Cultura y Arte Emplatado"},"content":{"rendered":"\n<p><strong>Jes\u00fas Utrilla \/ NV Noticias<\/strong><\/p>\n\n\n\n<p>En el Museo Salvador D\u00edaz Mir\u00f3n se realiza la exposici\u00f3n Cultura y Arte Emplatado, donde se puede apreciar 40 platos de distintas \u00e9pocas en cer\u00e1mica y porcelana. Adem\u00e1s son de diferentes pa\u00edses como Alemania y Francia, por citar algunos.<\/p>\n\n\n\n<p>La alcaldesa Patricia Lobeira Rodr\u00edguez record\u00f3 que Veracruz fue puerta de entrada a la cultura y por ello tambi\u00e9n se puede apreciar el are.<\/p>\n\n\n\n<blockquote class=\"wp-block-quote is-layout-flow wp-block-quote-is-layout-flow\"><p>\u201c<em>Llegaron desde hace a\u00f1os a Veracruz, muchas familias los ten\u00edan y ahora nos hicieron el favor de prestarlos para esta exposici\u00f3n tan importante. Estar\u00e1 hasta el 21 de mayo as\u00ed que invitamos a toda la gente a que venga, que aproveche, es una exposici\u00f3n corta, llena de cultura y que aprovechen a conocer la Casa Museo Salvador D\u00edaz Mir\u00f3n<\/em>\u201d.<\/p><\/blockquote>\n\n\n\n<p>La exposici\u00f3n es gratuita. Este viernes se llevar\u00e1 a cabo el concierto de la Filarm\u00f3nica de Boca del R\u00edo en el Foro Boca. Estar\u00e1 la feria gastron\u00f3mica de los pescadores y el Ayuntamiento de Veracruz lanzar\u00e1 dos convocatorias en redes sociales, una para que las personas voten si desean que permanezca el gimnasio de playa Mart\u00ed y otra para que se elija las estatuas a colocar en el camell\u00f3n de D\u00edaz Mir\u00f3n y Bolivar.<\/p>\n\n\n\n<p>Aunado a ello la presidenta municipal anunci\u00f3 que la jarocha gigante se quedar\u00e1 el resto del mes en el z\u00f3calo de la ciudad.<\/p>\n\n\n\n<p>M\u00e1s adelante se rehabilitar\u00e1 el Museo de la Ciudad para llevar a cabo un recorrido distinto, pero estar\u00e1 listo hasta 2024.<\/p>\n\n\n\n<div class=\"wp-block-image\"><figure class=\"aligncenter size-large is-resized\"><img loading=\"lazy\" decoding=\"async\" src=\"https:\/\/nvnoticias.mx\/wp-content\/uploads\/2023\/04\/WhatsApp-Image-2023-04-13-at-1.43.18-PM-1-1024x1024.jpeg\" alt=\"\" class=\"wp-image-102994\" width=\"558\" height=\"558\" srcset=\"https:\/\/nvnoticias.mx\/wp-content\/uploads\/2023\/04\/WhatsApp-Image-2023-04-13-at-1.43.18-PM-1-1024x1024.jpeg 1024w, https:\/\/nvnoticias.mx\/wp-content\/uploads\/2023\/04\/WhatsApp-Image-2023-04-13-at-1.43.18-PM-1-300x300.jpeg 300w, https:\/\/nvnoticias.mx\/wp-content\/uploads\/2023\/04\/WhatsApp-Image-2023-04-13-at-1.43.18-PM-1-150x150.jpeg 150w, https:\/\/nvnoticias.mx\/wp-content\/uploads\/2023\/04\/WhatsApp-Image-2023-04-13-at-1.43.18-PM-1-768x768.jpeg 768w, https:\/\/nvnoticias.mx\/wp-content\/uploads\/2023\/04\/WhatsApp-Image-2023-04-13-at-1.43.18-PM-1-600x600.jpeg 600w, https:\/\/nvnoticias.mx\/wp-content\/uploads\/2023\/04\/WhatsApp-Image-2023-04-13-at-1.43.18-PM-1-100x100.jpeg 100w, https:\/\/nvnoticias.mx\/wp-content\/uploads\/2023\/04\/WhatsApp-Image-2023-04-13-at-1.43.18-PM-1.jpeg 1080w\" sizes=\"auto, (max-width: 558px) 100vw, 558px\" \/><\/figure><\/div>\n","protected":false},"excerpt":{"rendered":"<p>Jes\u00fas Utrilla \/ NV Noticias En el Museo Salvador D\u00edaz Mir\u00f3n se realiza la exposici\u00f3n Cultura y Arte Emplatado, donde se puede apreciar 40 platos de distintas \u00e9pocas en cer\u00e1mica y porcelana. Adem\u00e1s son de diferentes pa\u00edses como Alemania y Francia, por citar algunos. La alcaldesa Patricia Lobeira Rodr\u00edguez record\u00f3 que Veracruz fue puerta de [&hellip;]<\/p>\n","protected":false},"author":8,"featured_media":102993,"comment_status":"open","ping_status":"open","sticky":false,"template":"","format":"standard","meta":{"_monsterinsights_skip_tracking":false,"_monsterinsights_sitenote_active":false,"_monsterinsights_sitenote_note":"","_monsterinsights_sitenote_category":0,"footnotes":""},"categories":[154],"tags":[1367,24544],"class_list":["post-102992","post","type-post","status-publish","format-standard","has-post-thumbnail","hentry","category-veracruz","tag-exposicion","tag-museo-salvador-diaz-miron","wp-image-borders"],"amp_enabled":true,"_links":{"self":[{"href":"https:\/\/nvnoticias.mx\/index.php\/wp-json\/wp\/v2\/posts\/102992","targetHints":{"allow":["GET"]}}],"collection":[{"href":"https:\/\/nvnoticias.mx\/index.php\/wp-json\/wp\/v2\/posts"}],"about":[{"href":"https:\/\/nvnoticias.mx\/index.php\/wp-json\/wp\/v2\/types\/post"}],"author":[{"embeddable":true,"href":"https:\/\/nvnoticias.mx\/index.php\/wp-json\/wp\/v2\/users\/8"}],"replies":[{"embeddable":true,"href":"https:\/\/nvnoticias.mx\/index.php\/wp-json\/wp\/v2\/comments?post=102992"}],"version-history":[{"count":1,"href":"https:\/\/nvnoticias.mx\/index.php\/wp-json\/wp\/v2\/posts\/102992\/revisions"}],"predecessor-version":[{"id":102995,"href":"https:\/\/nvnoticias.mx\/index.php\/wp-json\/wp\/v2\/posts\/102992\/revisions\/102995"}],"wp:featuredmedia":[{"embeddable":true,"href":"https:\/\/nvnoticias.mx\/index.php\/wp-json\/wp\/v2\/media\/102993"}],"wp:attachment":[{"href":"https:\/\/nvnoticias.mx\/index.php\/wp-json\/wp\/v2\/media?parent=102992"}],"wp:term":[{"taxonomy":"category","embeddable":true,"href":"https:\/\/nvnoticias.mx\/index.php\/wp-json\/wp\/v2\/categories?post=102992"},{"taxonomy":"post_tag","embeddable":true,"href":"https:\/\/nvnoticias.mx\/index.php\/wp-json\/wp\/v2\/tags?post=102992"}],"curies":[{"name":"wp","href":"https:\/\/api.w.org\/{rel}","templated":true}]}}