{"id":102922,"date":"2023-04-13T11:40:42","date_gmt":"2023-04-13T16:40:42","guid":{"rendered":"https:\/\/nvnoticias.mx\/?p=102922"},"modified":"2023-04-13T11:40:43","modified_gmt":"2023-04-13T16:40:43","slug":"mexico-principal-aliado-de-eu-contra-el-fentanilo-ebrard","status":"publish","type":"post","link":"https:\/\/nvnoticias.mx\/index.php\/2023\/04\/13\/mexico-principal-aliado-de-eu-contra-el-fentanilo-ebrard\/","title":{"rendered":"M\u00e9xico, &#8220;principal aliado&#8221; de EU contra el fentanilo: Ebrard"},"content":{"rendered":"\n<p>El canciller mexicano,\u00a0<strong>Marcelo Ebrard<\/strong>\u00a0asegur\u00f3 este mi\u00e9rcoles que su pa\u00eds es el &#8220;principal aliado&#8221; de Estados Unidos en la lucha contra el fentanilo, un d\u00eda antes de una reuni\u00f3n con funcionarios del gobierno de\u00a0<strong>Joe Biden<\/strong>.<\/p>\n\n\n\n<p>Ebrard, junto con varios funcionarios del gobierno mexicano, incluida la secretaria de Seguridad P\u00fablica Rosa Icela Rodr\u00edguez, llegaron hoy a Washington, donde fueron recibidos en el Observatorio Naval por &#8220;una delegaci\u00f3n estadounidense&#8221;, de acuerdo con un comunicado de la canciller\u00eda.<\/p>\n\n\n\n<p>Durante el evento, el canciller &#8220;adelant\u00f3 que la prioridad para\u00a0<strong>M\u00e9xico<\/strong>\u00a0es frenar el tr\u00e1fico de armas de Estados Unidos para reducir la capacidad de fuego de las organizaciones criminales y tener m\u00e1s seguridad en nuestras comunidades&#8221;.<\/p>\n\n\n\n<p>El gabinete de seguridad del Gobierno de M\u00e9xico, arrib\u00f3 a Washington para participar en la reuni\u00f3n con sus contrapartes de Estados Unidos y Canad\u00e1 para definir una estrategia conjunta&nbsp;<strong>contra el fentanilo y el tr\u00e1fico ilegal de armas<\/strong>&nbsp;en Am\u00e9rica del Norte.<\/p>\n\n\n\n<p>Este jueves, en reuniones bilaterales y trilaterales, las delegaciones de los tres pa\u00edses buscar\u00e1n una coordinaci\u00f3n en materia de seguridad y salud p\u00fablica.<\/p>\n\n\n\n<p>Tambi\u00e9n se contempla una primera reuni\u00f3n entre M\u00e9xico y Estados Unidos en la Casa Blanca; despu\u00e9s, un almuerzo de trabajo en el Departamento de Justicia y, posteriormente, la delegaci\u00f3n de Canad\u00e1 se sumar\u00e1 a la reuni\u00f3n trilateral de seguridad.<\/p>\n\n\n\n<blockquote class=\"wp-block-quote is-layout-flow wp-block-quote-is-layout-flow\"><p>\u201cPor instrucciones del presidente,\u00a0<strong>Andr\u00e9s Manuel L\u00f3pez Obrador<\/strong>, y compromiso hecho durante la Cumbre de L\u00edderes de Am\u00e9rica del Norte (CLAN), la misi\u00f3n est\u00e1 encabezada por la secretaria de Seguridad y Protecci\u00f3n Ciudadana, Rosa Icela Rodr\u00edguez, y el secretario de Relaciones Exteriores, Marcelo Ebrard\u201d, inform\u00f3 la Secretar\u00eda de Seguridad y Protecci\u00f3n Ciudadana.<\/p><\/blockquote>\n\n\n\n<p>La titular de la SSPC fue nombrada como la contraparte de Elizabeth Sherwood-Randall, asesora de seguridad nacional de la Casa Blanca, y Jody Thomas, viceministra del Departamento de Defensa Nacional de Canad\u00e1.<\/p>\n\n\n\n<p>La delegaci\u00f3n mexicana tambi\u00e9n est\u00e1 conformada por el secretario de la Defensa Nacional, Luis Cresencio Sandoval; el secretario de Marina, Jos\u00e9 Rafael Ojeda; el Fiscal General de la Rep\u00fablica, Alejandro Gertz Manero, ente otros.<\/p>\n\n\n\n<p>Durante la tarde-noche de este mi\u00e9rcoles las autoridades estadounidenses ofrecieron una recepci\u00f3n a los funcionarios mexicanos en el Observatorio Naval de la Uni\u00f3n Americana, donde por parte de Estados Unidos estuvo la asesora de Seguridad Nacional, Elizabeth Sherwood-Randall; el Fiscal Merrick Garland; el secretario de Marina, Carlos del Toro; y el embajador de EU en M\u00e9xico,&nbsp;<strong>Ken Salazar<\/strong>.<\/p>\n\n\n\n<p>Fuente: <a href=\"https:\/\/www.eluniversal.com.mx\/nacion\/mexico-el-principal-aliado-de-eu-contra-el-fentanilo-dice-ebrard\/\" data-type=\"URL\" data-id=\"https:\/\/www.eluniversal.com.mx\/nacion\/mexico-el-principal-aliado-de-eu-contra-el-fentanilo-dice-ebrard\/\">El Universal<\/a><\/p>\n","protected":false},"excerpt":{"rendered":"<p>El canciller mexicano,\u00a0Marcelo Ebrard\u00a0asegur\u00f3 este mi\u00e9rcoles que su pa\u00eds es el &#8220;principal aliado&#8221; de Estados Unidos en la lucha contra el fentanilo, un d\u00eda antes de una reuni\u00f3n con funcionarios del gobierno de\u00a0Joe Biden. Ebrard, junto con varios funcionarios del gobierno mexicano, incluida la secretaria de Seguridad P\u00fablica Rosa Icela Rodr\u00edguez, llegaron hoy a Washington, [&hellip;]<\/p>\n","protected":false},"author":35,"featured_media":102923,"comment_status":"open","ping_status":"open","sticky":false,"template":"","format":"standard","meta":{"_monsterinsights_skip_tracking":false,"_monsterinsights_sitenote_active":false,"_monsterinsights_sitenote_note":"","_monsterinsights_sitenote_category":0,"footnotes":""},"categories":[158],"tags":[18946,183,7270,391,292,10068],"class_list":["post-102922","post","type-post","status-publish","format-standard","has-post-thumbnail","hentry","category-politica","tag-aliado","tag-estados-unidos","tag-fentanilo","tag-marcelo-ebrard","tag-mexico","tag-principal","wp-image-borders"],"amp_enabled":true,"_links":{"self":[{"href":"https:\/\/nvnoticias.mx\/index.php\/wp-json\/wp\/v2\/posts\/102922","targetHints":{"allow":["GET"]}}],"collection":[{"href":"https:\/\/nvnoticias.mx\/index.php\/wp-json\/wp\/v2\/posts"}],"about":[{"href":"https:\/\/nvnoticias.mx\/index.php\/wp-json\/wp\/v2\/types\/post"}],"author":[{"embeddable":true,"href":"https:\/\/nvnoticias.mx\/index.php\/wp-json\/wp\/v2\/users\/35"}],"replies":[{"embeddable":true,"href":"https:\/\/nvnoticias.mx\/index.php\/wp-json\/wp\/v2\/comments?post=102922"}],"version-history":[{"count":3,"href":"https:\/\/nvnoticias.mx\/index.php\/wp-json\/wp\/v2\/posts\/102922\/revisions"}],"predecessor-version":[{"id":102926,"href":"https:\/\/nvnoticias.mx\/index.php\/wp-json\/wp\/v2\/posts\/102922\/revisions\/102926"}],"wp:featuredmedia":[{"embeddable":true,"href":"https:\/\/nvnoticias.mx\/index.php\/wp-json\/wp\/v2\/media\/102923"}],"wp:attachment":[{"href":"https:\/\/nvnoticias.mx\/index.php\/wp-json\/wp\/v2\/media?parent=102922"}],"wp:term":[{"taxonomy":"category","embeddable":true,"href":"https:\/\/nvnoticias.mx\/index.php\/wp-json\/wp\/v2\/categories?post=102922"},{"taxonomy":"post_tag","embeddable":true,"href":"https:\/\/nvnoticias.mx\/index.php\/wp-json\/wp\/v2\/tags?post=102922"}],"curies":[{"name":"wp","href":"https:\/\/api.w.org\/{rel}","templated":true}]}}