{"id":102898,"date":"2023-04-13T10:47:14","date_gmt":"2023-04-13T15:47:14","guid":{"rendered":"https:\/\/nvnoticias.mx\/?p=102898"},"modified":"2023-04-13T10:47:15","modified_gmt":"2023-04-13T15:47:15","slug":"aprueban-diputados-nueva-tabla-de-enfermedades-laborales","status":"publish","type":"post","link":"https:\/\/nvnoticias.mx\/index.php\/2023\/04\/13\/aprueban-diputados-nueva-tabla-de-enfermedades-laborales\/","title":{"rendered":"Aprueban Diputados nueva tabla de enfermedades laborales"},"content":{"rendered":"\n<p>En la sesi\u00f3n ordinaria del 12 de abril, la<strong>&nbsp;C\u00e1mara de Diputados<\/strong>&nbsp;aprob\u00f3, de manera hist\u00f3rica, una actualizaci\u00f3n a las tablas de enfermedades y lesiones laborales contempladas en la&nbsp;<strong>Ley Federal del Trabajo (LFT)<\/strong>.<\/p>\n\n\n\n<p>Con 427 votos a favor y ninguno en contra, el Pleno de San L\u00e1zaro dio luz verde a un dictamen que modifica los<strong>&nbsp;art\u00edculos 513, 514 y 515&nbsp;<\/strong>de la mencionada normativa. El proyecto se origin\u00f3 en el Ejecutivo Federal y fue enriquecido con algunas propuestas de las y los legisladores involucrados en la materia.<\/p>\n\n\n\n<p>La lista de enfermedades laborales&nbsp;<strong>no hab\u00eda sido revisada ni actualizada desde 1970<\/strong>, por lo que la aprobaci\u00f3n un\u00e1nime del dictamen fue celebrada al interior del recinto. Con esto, se contempla que el cat\u00e1logo se ampl\u00ede&nbsp;<strong>de 161 a 194&nbsp;<\/strong>padecimientos de trabajo. Adem\u00e1s, la tabla de lesiones por riesgos laborales para la valuaci\u00f3n de incapacidades aument\u00f3 de 409 a 524.<\/p>\n\n\n\n<p>De acuerdo con la diputada&nbsp;<strong>Leticia Zepeda Mart\u00ednez<\/strong>, del Partido Acci\u00f3n Nacional (<strong>PAN<\/strong>), principal promovente del proyecto, la finalidad es \u201cfortalecer la protecci\u00f3n de las personas trabajadoras ante enfermedades y accidentes de trabajo\u201d.<\/p>\n\n\n\n<p>Uno de los aspectos m\u00e1s destacados de la iniciativa es que, por primera vez,<strong>&nbsp;se reconocieron las enfermedades mentales<\/strong>&nbsp;como padecimientos que tienen un impacto directo en la salud de las personas trabajadoras. En este sentido, se advierte que la aprobaci\u00f3n del dictamen es un paso hacia la consolidaci\u00f3n de un pa\u00eds con seguridad social<\/p>\n\n\n\n<p>Tras su aprobaci\u00f3n en la C\u00e1mara de Diputados, el documento ser\u00e1 remitido al&nbsp;<strong>Senado de la Rep\u00fablica<\/strong>&nbsp;para su discusi\u00f3n y, en caso de que exista un consenso, su posterior aprobaci\u00f3n.<\/p>\n\n\n\n<h2 class=\"wp-block-heading\">\u00bfCu\u00e1les son las enfermedades que se a\u00f1adieron?<\/h2>\n\n\n\n<p>Entre los grupos de enfermedades que se adicionaron como padecimientos laborales est\u00e1n aquellos que afectan la<strong>&nbsp;salud mental<\/strong>, como lo es la&nbsp;<strong>ansiedad<\/strong>, el insomnio, la&nbsp;<strong>depresi\u00f3n<\/strong>&nbsp;y los trastornos relacionados con el<strong>&nbsp;estr\u00e9s<\/strong>.<\/p>\n\n\n\n<p>Aunque el dictamen sostiene que estas afecciones se pueden presentar en\u00a0<strong>personas de cualquier sector<\/strong>, resalt\u00f3 que hay un mayor riesgo para quienes se desempe\u00f1an como\u00a0<strong>personal de salud<\/strong>, educaci\u00f3n, transporte, atenci\u00f3n a usuarios, seguridad p\u00fablica, Fuerzas Armadas, atenci\u00f3n de desastres, urgencias, sector privado y sector p\u00fablico.<\/p>\n\n\n\n<blockquote class=\"wp-block-quote is-layout-flow wp-block-quote-is-layout-flow\"><p>Las y los legisladores consideraron necesario el reconocimiento de la salud mental como algo prioritario en la vida laboral, pues los altos niveles de estr\u00e9s, o&nbsp;<em>burnout<\/em>, a los que est\u00e1n expuestas las personas trabajadoras pueden originar m\u00faltiples complicaciones.<\/p><\/blockquote>\n\n\n\n<p>Respecto a la lista de patolog\u00edas infecciosas y parasitarias, el cat\u00e1logo se engros\u00f3 de 21 a 41 enfermedades, entre las que\u00a0<strong>se a\u00f1adi\u00f3 el Covid-19<\/strong>. Adem\u00e1s, se implementar\u00e1 un par\u00e1metro para evaluar el<strong>\u00a0riesgo de exposici\u00f3n<\/strong>\u00a0de las personas trabajadoras con cuatro niveles. Tambi\u00e9n estar\u00e1n incluidas infecciones como la gripe aviar y la influenza AH5N1.<\/p>\n\n\n\n<p>Afecciones oculares como las\u00a0<strong>cataratas<\/strong>, el glaucoma, la conjuntivitis y el deterioro leve de la visi\u00f3n tambi\u00e9n podr\u00e1n ser consideradas como problemas derivados del trabajo.<\/p>\n\n\n\n<p>Fuente: <a href=\"https:\/\/www.infobae.com\/mexico\/2023\/04\/13\/diputados-aprobaron-nueva-tabla-de-enfermedades-laborales-estos-son-los-padecimientos-que-se-agregaron\/\" data-type=\"URL\" data-id=\"https:\/\/www.infobae.com\/mexico\/2023\/04\/13\/diputados-aprobaron-nueva-tabla-de-enfermedades-laborales-estos-son-los-padecimientos-que-se-agregaron\/\">Infobae<\/a><\/p>\n","protected":false},"excerpt":{"rendered":"<p>En la sesi\u00f3n ordinaria del 12 de abril, la&nbsp;C\u00e1mara de Diputados&nbsp;aprob\u00f3, de manera hist\u00f3rica, una actualizaci\u00f3n a las tablas de enfermedades y lesiones laborales contempladas en la&nbsp;Ley Federal del Trabajo (LFT). Con 427 votos a favor y ninguno en contra, el Pleno de San L\u00e1zaro dio luz verde a un dictamen que modifica los&nbsp;art\u00edculos 513, [&hellip;]<\/p>\n","protected":false},"author":35,"featured_media":29206,"comment_status":"open","ping_status":"open","sticky":false,"template":"","format":"standard","meta":{"_monsterinsights_skip_tracking":false,"_monsterinsights_sitenote_active":false,"_monsterinsights_sitenote_note":"","_monsterinsights_sitenote_category":0,"footnotes":""},"categories":[158],"tags":[8913,566,15344,162,24536],"class_list":["post-102898","post","type-post","status-publish","format-standard","has-post-thumbnail","hentry","category-politica","tag-aprueban","tag-diputados","tag-enfermedades","tag-portada","tag-tabla","wp-image-borders"],"amp_enabled":true,"_links":{"self":[{"href":"https:\/\/nvnoticias.mx\/index.php\/wp-json\/wp\/v2\/posts\/102898","targetHints":{"allow":["GET"]}}],"collection":[{"href":"https:\/\/nvnoticias.mx\/index.php\/wp-json\/wp\/v2\/posts"}],"about":[{"href":"https:\/\/nvnoticias.mx\/index.php\/wp-json\/wp\/v2\/types\/post"}],"author":[{"embeddable":true,"href":"https:\/\/nvnoticias.mx\/index.php\/wp-json\/wp\/v2\/users\/35"}],"replies":[{"embeddable":true,"href":"https:\/\/nvnoticias.mx\/index.php\/wp-json\/wp\/v2\/comments?post=102898"}],"version-history":[{"count":5,"href":"https:\/\/nvnoticias.mx\/index.php\/wp-json\/wp\/v2\/posts\/102898\/revisions"}],"predecessor-version":[{"id":102903,"href":"https:\/\/nvnoticias.mx\/index.php\/wp-json\/wp\/v2\/posts\/102898\/revisions\/102903"}],"wp:featuredmedia":[{"embeddable":true,"href":"https:\/\/nvnoticias.mx\/index.php\/wp-json\/wp\/v2\/media\/29206"}],"wp:attachment":[{"href":"https:\/\/nvnoticias.mx\/index.php\/wp-json\/wp\/v2\/media?parent=102898"}],"wp:term":[{"taxonomy":"category","embeddable":true,"href":"https:\/\/nvnoticias.mx\/index.php\/wp-json\/wp\/v2\/categories?post=102898"},{"taxonomy":"post_tag","embeddable":true,"href":"https:\/\/nvnoticias.mx\/index.php\/wp-json\/wp\/v2\/tags?post=102898"}],"curies":[{"name":"wp","href":"https:\/\/api.w.org\/{rel}","templated":true}]}}