{"id":102836,"date":"2023-04-12T16:19:59","date_gmt":"2023-04-12T21:19:59","guid":{"rendered":"https:\/\/nvnoticias.mx\/?p=102836"},"modified":"2023-04-12T16:20:00","modified_gmt":"2023-04-12T21:20:00","slug":"anuncian-la-55-edicion-de-la-expo-feria-regional-ganadera-ylang-ylang","status":"publish","type":"post","link":"https:\/\/nvnoticias.mx\/index.php\/2023\/04\/12\/anuncian-la-55-edicion-de-la-expo-feria-regional-ganadera-ylang-ylang\/","title":{"rendered":"Anuncian la 55 edici\u00f3n de la Expo Feria Regional Ganadera Ylang Ylang"},"content":{"rendered":"\n<p><strong>Jes\u00fas Utrilla \/ NV Noticias <\/strong><\/p>\n\n\n\n<p>La Uni\u00f3n Ganadera regional de la zona centro del Estado de Veracruz y el Comit\u00e9 Organizador de la Expo ganadera Regional anunciaron la realizaci\u00f3n de la 55 edici\u00f3n de la Expo Feria Regional Ganadera Ylang Ylang en Boca del R\u00edo. <\/p>\n\n\n\n<p>La feria se llevar\u00e1 a cabo del 19 de mayo al 4 de junio en donde se estar\u00e1n exponiendo 800 ejemplares bovinos de razas hindubrasil, sardo negro, entre otras de reconocida y probada calidad gen\u00e9tica que les ha valido ser  acreedores de reconocimientos a nivel nacional e internacional. <\/p>\n\n\n\n<p>Durante esos d\u00edas habr\u00e1 actividades art\u00edsticas con la presentaci\u00f3n del grupo Brindis por Siempre, La Arrolladora Banda Lim\u00f3n, el payaso Farolito, Sonido Pirata, Nelson Kanzela y Mario Polo, Grupo Ley, Viri y los Hijos del Pulpo, Los \u00c1ngeles de Charlie, Junio Klan, Los Vela, La Factor\u00eda, Los Dos Carnales , El Super Show de los V\u00e1zquez, entre otros. <\/p>\n\n\n\n<p>Tambi\u00e9n instalar\u00e1nn30 juegos mec\u00e1nicos gratuitos para ni\u00f1os y j\u00f3venes y 10 m\u00e1s de car\u00e1cter espectacular para j\u00f3venes y mayores, que tendr\u00e1n un bajo costo. <\/p>\n\n\n\n<p>Los d\u00edas s\u00e1bados y domingos de cada semana se efectuar\u00e1n las tradicionales charreadas y el d\u00eda 26 de mayo habr\u00e1 el concurso de caballos bailadores con la presentaci\u00f3n de los grupos m\u00e1s destacados en la disciplina. <\/p>\n\n\n\n<p>Aunado a ello en el \u00e1rea comercial se expondr\u00e1 equipamiento agr\u00edcola as\u00ed como veh\u00edculos de trabajo y habr\u00e1 venta de ropa, zapatos, medicina, alimentos para ganado y mascotas, entre otros. <\/p>\n","protected":false},"excerpt":{"rendered":"<p>Jes\u00fas Utrilla \/ NV Noticias La Uni\u00f3n Ganadera regional de la zona centro del Estado de Veracruz y el Comit\u00e9 Organizador de la Expo ganadera Regional anunciaron la realizaci\u00f3n de la 55 edici\u00f3n de la Expo Feria Regional Ganadera Ylang Ylang en Boca del R\u00edo. La feria se llevar\u00e1 a cabo del 19 de mayo [&hellip;]<\/p>\n","protected":false},"author":8,"featured_media":102840,"comment_status":"open","ping_status":"open","sticky":false,"template":"","format":"standard","meta":{"_monsterinsights_skip_tracking":false,"_monsterinsights_sitenote_active":false,"_monsterinsights_sitenote_note":"","_monsterinsights_sitenote_category":0,"footnotes":""},"categories":[154],"tags":[24528],"class_list":["post-102836","post","type-post","status-publish","format-standard","has-post-thumbnail","hentry","category-veracruz","tag-feria-ylang-ylang","wp-image-borders"],"amp_enabled":true,"_links":{"self":[{"href":"https:\/\/nvnoticias.mx\/index.php\/wp-json\/wp\/v2\/posts\/102836","targetHints":{"allow":["GET"]}}],"collection":[{"href":"https:\/\/nvnoticias.mx\/index.php\/wp-json\/wp\/v2\/posts"}],"about":[{"href":"https:\/\/nvnoticias.mx\/index.php\/wp-json\/wp\/v2\/types\/post"}],"author":[{"embeddable":true,"href":"https:\/\/nvnoticias.mx\/index.php\/wp-json\/wp\/v2\/users\/8"}],"replies":[{"embeddable":true,"href":"https:\/\/nvnoticias.mx\/index.php\/wp-json\/wp\/v2\/comments?post=102836"}],"version-history":[{"count":1,"href":"https:\/\/nvnoticias.mx\/index.php\/wp-json\/wp\/v2\/posts\/102836\/revisions"}],"predecessor-version":[{"id":102841,"href":"https:\/\/nvnoticias.mx\/index.php\/wp-json\/wp\/v2\/posts\/102836\/revisions\/102841"}],"wp:featuredmedia":[{"embeddable":true,"href":"https:\/\/nvnoticias.mx\/index.php\/wp-json\/wp\/v2\/media\/102840"}],"wp:attachment":[{"href":"https:\/\/nvnoticias.mx\/index.php\/wp-json\/wp\/v2\/media?parent=102836"}],"wp:term":[{"taxonomy":"category","embeddable":true,"href":"https:\/\/nvnoticias.mx\/index.php\/wp-json\/wp\/v2\/categories?post=102836"},{"taxonomy":"post_tag","embeddable":true,"href":"https:\/\/nvnoticias.mx\/index.php\/wp-json\/wp\/v2\/tags?post=102836"}],"curies":[{"name":"wp","href":"https:\/\/api.w.org\/{rel}","templated":true}]}}