{"id":102834,"date":"2023-04-12T16:20:45","date_gmt":"2023-04-12T21:20:45","guid":{"rendered":"https:\/\/nvnoticias.mx\/?p=102834"},"modified":"2023-04-12T16:20:46","modified_gmt":"2023-04-12T21:20:46","slug":"propondra-ministra-a-corte-negar-amparo-a-organizacion-que-impugno-ley-de-guardia-nacional","status":"publish","type":"post","link":"https:\/\/nvnoticias.mx\/index.php\/2023\/04\/12\/propondra-ministra-a-corte-negar-amparo-a-organizacion-que-impugno-ley-de-guardia-nacional\/","title":{"rendered":"Propondr\u00e1 Ministra a Corte negar amparo a organizaci\u00f3n que impugn\u00f3 Ley de Guardia Nacional"},"content":{"rendered":"\n<p>La ministra&nbsp;Loretta Ortiz Ahlf&nbsp;propondr\u00e1 al Pleno de la Suprema Corte de Justicia de la Naci\u00f3n (SCJN)&nbsp;<strong>negar un amparo a M\u00e9xico Unido contra la Delincuencia<\/strong>&nbsp;(MUCD), la organizaci\u00f3n que impugn\u00f3 cinco art\u00edculos de la&nbsp;Ley de la Guardia Nacional&nbsp;(GN), al asegurar que invaden las competencias de los estados y municipios, y los subordina al Poder Ejecutivo Federal.<\/p>\n\n\n\n<p>La quejosa solicit\u00f3 que se declaren inconstitucionales los&nbsp;<strong>art\u00edculos 88, 89, 90, 91 y 92<\/strong>, publicados en el Diario Oficial de la Federaci\u00f3n (DOF) el 27 de mayo de 2019.<\/p>\n\n\n\n<p>Los preceptos impugnados facultan a la Guardia Nacional para participar con las instituciones de seguridad p\u00fablica de las entidades federativas o de los municipios para la realizaci\u00f3n de operaciones coordinadas; la autorizan para celebrar convenios de colaboraci\u00f3n, a fin de realizar acciones continuas en materia de seguridad p\u00fablica por un tiempo determinado.<\/p>\n\n\n\n<p>Adicionalmente, se enumeran las responsabilidades de quienes encabecen los poderes ejecutivos locales y las presidencias municipales, durante la vigencia de los convenios de colaboraci\u00f3n, entre las que se encuentran asistir a las reuniones de coordinaci\u00f3n, aportar la informaci\u00f3n necesaria para cumplir con los fines de la colaboraci\u00f3n, invertir los recursos necesarios para enfrentar y superar la amenaza a la seguridad p\u00fablica de la que se trate, conforme los par\u00e1metros que establezca el Consejo Nacional de Seguridad P\u00fablica.<\/p>\n\n\n\n<p>Tambi\u00e9n se establece que los recursos humanos, econ\u00f3micos y materiales necesarios para la operaci\u00f3n de la Guardia Nacional estar\u00e1n a cargo de la Federaci\u00f3n y que, excepcionalmente, los convenios de colaboraci\u00f3n contendr\u00e1n las aportaciones que, en su caso, deban efectuar las autoridades locales, cuando aquella realice tareas de seguridad p\u00fablica de competencia local<\/p>\n\n\n\n<p>La ministra Loretta Ortiz mencion\u00f3 que la colaboraci\u00f3n y coordinaci\u00f3n regulada en los preceptos reclamados, no implica la p\u00e9rdida de atribuciones por parte de las entidades federativas ni municipios, sino una armon\u00eda organizada de sus facultades, con el objeto fundamental de salvaguardar la vida, las libertades, la integridad y el patrimonio de las personas, as\u00ed como contribuir a la generaci\u00f3n y preservaci\u00f3n del orden p\u00fablico y la paz social.<\/p>\n\n\n\n<blockquote class=\"wp-block-quote is-layout-flow wp-block-quote-is-layout-flow\"><p>&#8220;De esta manera dichos convenios administrativos celebrados por autoridades que cuentan con competencia concurrente en materia de seguridad p\u00fablica se pueden considerar como mecanismos de coordinaci\u00f3n a fin de evitar dispersi\u00f3n y desarticulaci\u00f3n normativa mediante acciones contradictorias, pero, sobre todo, con el prop\u00f3sito de cumplir con los fines constitucionales en materia de seguridad p\u00fablica descritos en el mencionado art\u00edculo 21&#8221;, detalla la propuesta.<\/p><\/blockquote>\n\n\n\n<p>En suma, agreg\u00f3 la ministra, se considera que la coordinaci\u00f3n y colaboraci\u00f3n a la que se refieren los art\u00edculos reclamados no se deben entender en t\u00e9rminos centralistas sino en el sentido de que corresponde a los tres niveles de gobierno celebrar los convenios correspondientes a fin de brindar una seguridad p\u00fablica eficiente en beneficio de la sociedad.<\/p>\n\n\n\n<p>El proyecto se prev\u00e9 que sea discutido por la Corte una vez que concluya con el estudio de la acci\u00f3n de inconstitucionalidad que promovi\u00f3 una minor\u00eda de senadores contra la transferencia operativa y administrativa de la Guardia Nacional a la Secretar\u00eda de la Defensa Nacional (Sedena).<\/p>\n\n\n\n<p>Fuente: Milenio<\/p>\n","protected":false},"excerpt":{"rendered":"<p>La ministra&nbsp;Loretta Ortiz Ahlf&nbsp;propondr\u00e1 al Pleno de la Suprema Corte de Justicia de la Naci\u00f3n (SCJN)&nbsp;negar un amparo a M\u00e9xico Unido contra la Delincuencia&nbsp;(MUCD), la organizaci\u00f3n que impugn\u00f3 cinco art\u00edculos de la&nbsp;Ley de la Guardia Nacional&nbsp;(GN), al asegurar que invaden las competencias de los estados y municipios, y los subordina al Poder Ejecutivo Federal. La [&hellip;]<\/p>\n","protected":false},"author":35,"featured_media":102843,"comment_status":"open","ping_status":"open","sticky":false,"template":"","format":"standard","meta":{"_monsterinsights_skip_tracking":false,"_monsterinsights_sitenote_active":false,"_monsterinsights_sitenote_note":"","_monsterinsights_sitenote_category":0,"footnotes":""},"categories":[158],"tags":[7727,24526,24527,5111,162,16110],"class_list":["post-102834","post","type-post","status-publish","format-standard","has-post-thumbnail","hentry","category-politica","tag-corte","tag-impugno","tag-ley-de-guardia-nacional","tag-ministra","tag-portada","tag-propondra","wp-image-borders"],"amp_enabled":true,"_links":{"self":[{"href":"https:\/\/nvnoticias.mx\/index.php\/wp-json\/wp\/v2\/posts\/102834","targetHints":{"allow":["GET"]}}],"collection":[{"href":"https:\/\/nvnoticias.mx\/index.php\/wp-json\/wp\/v2\/posts"}],"about":[{"href":"https:\/\/nvnoticias.mx\/index.php\/wp-json\/wp\/v2\/types\/post"}],"author":[{"embeddable":true,"href":"https:\/\/nvnoticias.mx\/index.php\/wp-json\/wp\/v2\/users\/35"}],"replies":[{"embeddable":true,"href":"https:\/\/nvnoticias.mx\/index.php\/wp-json\/wp\/v2\/comments?post=102834"}],"version-history":[{"count":5,"href":"https:\/\/nvnoticias.mx\/index.php\/wp-json\/wp\/v2\/posts\/102834\/revisions"}],"predecessor-version":[{"id":102844,"href":"https:\/\/nvnoticias.mx\/index.php\/wp-json\/wp\/v2\/posts\/102834\/revisions\/102844"}],"wp:featuredmedia":[{"embeddable":true,"href":"https:\/\/nvnoticias.mx\/index.php\/wp-json\/wp\/v2\/media\/102843"}],"wp:attachment":[{"href":"https:\/\/nvnoticias.mx\/index.php\/wp-json\/wp\/v2\/media?parent=102834"}],"wp:term":[{"taxonomy":"category","embeddable":true,"href":"https:\/\/nvnoticias.mx\/index.php\/wp-json\/wp\/v2\/categories?post=102834"},{"taxonomy":"post_tag","embeddable":true,"href":"https:\/\/nvnoticias.mx\/index.php\/wp-json\/wp\/v2\/tags?post=102834"}],"curies":[{"name":"wp","href":"https:\/\/api.w.org\/{rel}","templated":true}]}}