{"id":102805,"date":"2023-04-12T14:35:00","date_gmt":"2023-04-12T19:35:00","guid":{"rendered":"https:\/\/nvnoticias.mx\/?p=102805"},"modified":"2023-04-12T14:35:01","modified_gmt":"2023-04-12T19:35:01","slug":"alerta-de-eu-de-no-viajar-a-veracruz-no-afectara-llegada-de-paseantes","status":"publish","type":"post","link":"https:\/\/nvnoticias.mx\/index.php\/2023\/04\/12\/alerta-de-eu-de-no-viajar-a-veracruz-no-afectara-llegada-de-paseantes\/","title":{"rendered":"Alerta de EU de no viajar a Veracruz no afectar\u00e1 llegada de paseantes"},"content":{"rendered":"\n<p><strong>Jes\u00fas Utrilla \/ NV Noticias<\/strong><\/p>\n\n\n\n<p>La alerta de viaje emitida por Estados Unidos para no viajaban a Coatzacoalcos y C\u00f3rdoba no afectar\u00e1 la llegada de paseantes en lo que resta de la temporada vacacional, se\u00f1al\u00f3 Cesar Alfonso Mu\u00f1iz Cuervo, presidente de la Asociaci\u00f3n de Hoteles y Moteles en la zona conurbada.<\/p>\n\n\n\n<p>Cabe recordar que autoridades estadounidenses dieron a conocer que en Veracruz se debe tener mayor precauci\u00f3n debido a la delincuencia, espec\u00edficamente en municipios como C\u00f3rdoba y Coatzacoalcos.<\/p>\n\n\n\n<p>El empresario rechaz\u00f3 que la alerta impacte negativamente en la llegada de paseantes a la entidad o a la zona metropolitana.<\/p>\n\n\n\n<blockquote class=\"wp-block-quote is-layout-flow wp-block-quote-is-layout-flow\"><p>\u201c<em>Todos los temas de delincuencia que haya siempre ser\u00e1 de llamar la atenci\u00f3n pero es un tema nacional, no nada m\u00e1s de Veracruz y a\u00fan as\u00ed lo pudimos constatar en esta Semana Santa, la ciudad estuvo segura y protegida y no se dieron casos como en otras ciudades donde hubo balaceras y ese tipo de cosas\u201d.<\/em><\/p><\/blockquote>\n\n\n\n<p>Por ello a pesar de que no existan restricciones de viaje para los empleados del gobierno de Estados Unidos en el estado de Veracruz, s\u00ed emiten algunas recomendaciones para hacer de su viaje la mejor experiencia posible sin contratiempos.<\/p>\n\n\n\n<p>Pese a ello el empresario hotelero de Veracruz dijo que el sector estima una ocupaci\u00f3n promedio de 70 por ciento para este fin de semana por la continuidad de las vacaciones.<\/p>\n\n\n\n<p>Record\u00f3 que la primera semana de vacaciones dej\u00f3 una ocupaci\u00f3n de 95 por ciento en promedio y se esperan buenos resultados para los siguientes d\u00edas ya que habr\u00e1 m\u00e1s actividades como la Feria Gastron\u00f3mica del Pescador, la presentaci\u00f3n de la Orquesta Filarm\u00f3nica de Boca del R\u00edo, la rumbata de carnaval, entre otros.<\/p>\n","protected":false},"excerpt":{"rendered":"<p>Jes\u00fas Utrilla \/ NV Noticias La alerta de viaje emitida por Estados Unidos para no viajaban a Coatzacoalcos y C\u00f3rdoba no afectar\u00e1 la llegada de paseantes en lo que resta de la temporada vacacional, se\u00f1al\u00f3 Cesar Alfonso Mu\u00f1iz Cuervo, presidente de la Asociaci\u00f3n de Hoteles y Moteles en la zona conurbada. Cabe recordar que autoridades [&hellip;]<\/p>\n","protected":false},"author":8,"featured_media":77701,"comment_status":"open","ping_status":"open","sticky":false,"template":"","format":"standard","meta":{"_monsterinsights_skip_tracking":false,"_monsterinsights_sitenote_active":false,"_monsterinsights_sitenote_note":"","_monsterinsights_sitenote_category":0,"footnotes":""},"categories":[154],"tags":[6705,744,180],"class_list":["post-102805","post","type-post","status-publish","format-standard","has-post-thumbnail","hentry","category-veracruz","tag-alerta-de-viaje","tag-turismo","tag-veracruz","wp-image-borders"],"amp_enabled":true,"_links":{"self":[{"href":"https:\/\/nvnoticias.mx\/index.php\/wp-json\/wp\/v2\/posts\/102805","targetHints":{"allow":["GET"]}}],"collection":[{"href":"https:\/\/nvnoticias.mx\/index.php\/wp-json\/wp\/v2\/posts"}],"about":[{"href":"https:\/\/nvnoticias.mx\/index.php\/wp-json\/wp\/v2\/types\/post"}],"author":[{"embeddable":true,"href":"https:\/\/nvnoticias.mx\/index.php\/wp-json\/wp\/v2\/users\/8"}],"replies":[{"embeddable":true,"href":"https:\/\/nvnoticias.mx\/index.php\/wp-json\/wp\/v2\/comments?post=102805"}],"version-history":[{"count":1,"href":"https:\/\/nvnoticias.mx\/index.php\/wp-json\/wp\/v2\/posts\/102805\/revisions"}],"predecessor-version":[{"id":102806,"href":"https:\/\/nvnoticias.mx\/index.php\/wp-json\/wp\/v2\/posts\/102805\/revisions\/102806"}],"wp:featuredmedia":[{"embeddable":true,"href":"https:\/\/nvnoticias.mx\/index.php\/wp-json\/wp\/v2\/media\/77701"}],"wp:attachment":[{"href":"https:\/\/nvnoticias.mx\/index.php\/wp-json\/wp\/v2\/media?parent=102805"}],"wp:term":[{"taxonomy":"category","embeddable":true,"href":"https:\/\/nvnoticias.mx\/index.php\/wp-json\/wp\/v2\/categories?post=102805"},{"taxonomy":"post_tag","embeddable":true,"href":"https:\/\/nvnoticias.mx\/index.php\/wp-json\/wp\/v2\/tags?post=102805"}],"curies":[{"name":"wp","href":"https:\/\/api.w.org\/{rel}","templated":true}]}}