{"id":102710,"date":"2023-04-12T10:51:21","date_gmt":"2023-04-12T15:51:21","guid":{"rendered":"https:\/\/nvnoticias.mx\/?p=102710"},"modified":"2023-04-12T10:51:21","modified_gmt":"2023-04-12T15:51:21","slug":"devolvera-eu-a-mexico-casi-5-mil-mdp-confiscados-a-hector-villarreal","status":"publish","type":"post","link":"https:\/\/nvnoticias.mx\/index.php\/2023\/04\/12\/devolvera-eu-a-mexico-casi-5-mil-mdp-confiscados-a-hector-villarreal\/","title":{"rendered":"Devolver\u00e1 EU a M\u00e9xico casi 5 mil mdp confiscados a H\u00e9ctor Villarreal"},"content":{"rendered":"\n<p>El presidente L\u00f3pez Obrador anunci\u00f3 que el gobierno de\u00a0<strong>Estados Unidos devolver\u00e1 a M\u00e9xico poco m\u00e1s de 4 mil 813 millones de pesos\u00a0<\/strong>confiscados a\u00a0<strong>H\u00e9ctor Javier Villarreal Hern\u00e1ndez<\/strong>, exsecretario de finanzas de Coahuila durante la administraci\u00f3n de Humberto Moreira.<\/p>\n\n\n\n<p>\u201cSe notific\u00f3 del Departamento de Justicia de Estados Unidos que van a devolver un dinero que le confiscaron a H\u00e9ctor Javier Villareal Hern\u00e1ndez, que fue secretario de finanzas de Coahuila.<strong>&nbsp;Este se\u00f1or fue detenido en Texas por el delito de lavado de dinero<\/strong>&nbsp;y conspiraci\u00f3n para transportar dinero il\u00edcito\u201d, inform\u00f3 AMLO.<\/p>\n\n\n\n<p>Una parte de este dinero -propuso el mandatario- podr\u00eda ser utilizado para financiar\u00a0<strong>campa\u00f1as contra el uso de drogas<\/strong>.<\/p>\n\n\n\n<p>Fuente: <a href=\"https:\/\/www.elfinanciero.com.mx\/nacional\/2023\/04\/12\/amlo-mananera-temas-hoy-12-de-abril-2023-en-vivo\/?outputType=amp\" data-type=\"URL\" data-id=\"https:\/\/www.elfinanciero.com.mx\/nacional\/2023\/04\/12\/amlo-mananera-temas-hoy-12-de-abril-2023-en-vivo\/?outputType=amp\">El Financiero<\/a><\/p>\n","protected":false},"excerpt":{"rendered":"<p>El presidente L\u00f3pez Obrador anunci\u00f3 que el gobierno de\u00a0Estados Unidos devolver\u00e1 a M\u00e9xico poco m\u00e1s de 4 mil 813 millones de pesos\u00a0confiscados a\u00a0H\u00e9ctor Javier Villarreal Hern\u00e1ndez, exsecretario de finanzas de Coahuila durante la administraci\u00f3n de Humberto Moreira. \u201cSe notific\u00f3 del Departamento de Justicia de Estados Unidos que van a devolver un dinero que le confiscaron [&hellip;]<\/p>\n","protected":false},"author":35,"featured_media":30878,"comment_status":"open","ping_status":"open","sticky":false,"template":"","format":"standard","meta":{"_monsterinsights_skip_tracking":false,"_monsterinsights_sitenote_active":false,"_monsterinsights_sitenote_note":"","_monsterinsights_sitenote_category":0,"footnotes":""},"categories":[158],"tags":[22542,183,24505,7643,4898,162],"class_list":["post-102710","post","type-post","status-publish","format-standard","has-post-thumbnail","hentry","category-politica","tag-devolvera","tag-estados-unidos","tag-hector-villarreal","tag-millones","tag-pesos","tag-portada","wp-image-borders"],"amp_enabled":true,"_links":{"self":[{"href":"https:\/\/nvnoticias.mx\/index.php\/wp-json\/wp\/v2\/posts\/102710","targetHints":{"allow":["GET"]}}],"collection":[{"href":"https:\/\/nvnoticias.mx\/index.php\/wp-json\/wp\/v2\/posts"}],"about":[{"href":"https:\/\/nvnoticias.mx\/index.php\/wp-json\/wp\/v2\/types\/post"}],"author":[{"embeddable":true,"href":"https:\/\/nvnoticias.mx\/index.php\/wp-json\/wp\/v2\/users\/35"}],"replies":[{"embeddable":true,"href":"https:\/\/nvnoticias.mx\/index.php\/wp-json\/wp\/v2\/comments?post=102710"}],"version-history":[{"count":2,"href":"https:\/\/nvnoticias.mx\/index.php\/wp-json\/wp\/v2\/posts\/102710\/revisions"}],"predecessor-version":[{"id":102712,"href":"https:\/\/nvnoticias.mx\/index.php\/wp-json\/wp\/v2\/posts\/102710\/revisions\/102712"}],"wp:featuredmedia":[{"embeddable":true,"href":"https:\/\/nvnoticias.mx\/index.php\/wp-json\/wp\/v2\/media\/30878"}],"wp:attachment":[{"href":"https:\/\/nvnoticias.mx\/index.php\/wp-json\/wp\/v2\/media?parent=102710"}],"wp:term":[{"taxonomy":"category","embeddable":true,"href":"https:\/\/nvnoticias.mx\/index.php\/wp-json\/wp\/v2\/categories?post=102710"},{"taxonomy":"post_tag","embeddable":true,"href":"https:\/\/nvnoticias.mx\/index.php\/wp-json\/wp\/v2\/tags?post=102710"}],"curies":[{"name":"wp","href":"https:\/\/api.w.org\/{rel}","templated":true}]}}