{"id":102645,"date":"2023-04-11T14:47:26","date_gmt":"2023-04-11T19:47:26","guid":{"rendered":"https:\/\/nvnoticias.mx\/?p=102645"},"modified":"2023-04-11T14:47:28","modified_gmt":"2023-04-11T19:47:28","slug":"se-busca-integrar-una-agenda-ambiental-para-hacer-frente-al-cambio-climatico","status":"publish","type":"post","link":"https:\/\/nvnoticias.mx\/index.php\/2023\/04\/11\/se-busca-integrar-una-agenda-ambiental-para-hacer-frente-al-cambio-climatico\/","title":{"rendered":"Se busca integrar una agenda ambiental para hacer frente al cambio clim\u00e1tico"},"content":{"rendered":"\n<p><strong>Jes\u00fas Utrilla \/ NV Noticias<\/strong><\/p>\n\n\n\n<p>Se busca integrar una agenda ambiental para hacer frente al cambio clim\u00e1tico, sin embargo, solo se sumaron al momento cinco municipios del estado de Veracruz, se\u00f1al\u00f3 a titular de la Direcci\u00f3n de Cambio Clim\u00e1tico de la Sedema, Mar\u00eda Concepci\u00f3n Morales Z\u00e1rate. <\/p>\n\n\n\n<p>Consider\u00f3 urgente minimizar los efectos negativos del cambio clim\u00e1tico ya que podr\u00eda agudizar la sequ\u00eda y otros problemas ambientales. <\/p>\n\n\n\n<p>Por ello en coordinaci\u00f3n con los ayuntamientos se integrar\u00e1n a lo largo del a\u00f1o instrumentos y normas que permitan hacer frente a las consecuencias del diario quehacer humano que indirectamente ocasiona afectaciones al ambiente, pero que de manera directa afecta a todos. <\/p>\n\n\n\n<blockquote class=\"wp-block-quote is-layout-flow wp-block-quote-is-layout-flow\"><p>&#8220;Este tipo de acciones son interinstitucionales entonces se tienen que coordinar tanto la parte municipal como la parte estatal. A nivel nacional el estado de Veracruz es de gran importancia desde el lado de la importancia econ\u00f3mica valga la redundancia que representa para el pa\u00eds&#8221;. <\/p><\/blockquote>\n\n\n\n<p>En el marco de la Reuni\u00f3n de Gesti\u00f3n Participativa para la Elaboraci\u00f3n de la Agenda Municipal de Cambio Clim\u00e1tico, que se llev\u00f3 a cabo en Veracruz, la funcionaria estatal, dijo que la Secretar\u00eda de Medio Ambiente apoya a los municipios para que implementen acciones y estrategias encaminadas a disminuir los efectos del cambio clim\u00e1tico. <\/p>\n\n\n\n<blockquote class=\"wp-block-quote is-layout-flow wp-block-quote-is-layout-flow\"><p>&#8220;El cambio clim\u00e1tico no es \u00fanico y es simple y sencillamente la consecuencia de todas las acciones que tenemos no solamente a nivel local, sino a nivel nacional e internacional, si cada uno de nosotros ponemos nuestro granito de arena como es impulsar esta agenda que hacemos con los Ayuntamientos y hay que rescatarlos y tienen el inter\u00e9s de desarrollar este tipo de herramientas&#8221;.<\/p><\/blockquote>\n\n\n\n<p>Record\u00f3 que el cambio clim\u00e1tico es un problema nacional e internacional y  la creaci\u00f3n de este tipo de agendas busca mejorar el manejo de residuos de todo tipo, educaci\u00f3n y dem\u00e1s acciones ambientales. <\/p>\n\n\n\n<p><\/p>\n","protected":false},"excerpt":{"rendered":"<p>Jes\u00fas Utrilla \/ NV Noticias Se busca integrar una agenda ambiental para hacer frente al cambio clim\u00e1tico, sin embargo, solo se sumaron al momento cinco municipios del estado de Veracruz, se\u00f1al\u00f3 a titular de la Direcci\u00f3n de Cambio Clim\u00e1tico de la Sedema, Mar\u00eda Concepci\u00f3n Morales Z\u00e1rate. Consider\u00f3 urgente minimizar los efectos negativos del cambio clim\u00e1tico [&hellip;]<\/p>\n","protected":false},"author":8,"featured_media":102646,"comment_status":"open","ping_status":"open","sticky":false,"template":"","format":"standard","meta":{"_monsterinsights_skip_tracking":false,"_monsterinsights_sitenote_active":false,"_monsterinsights_sitenote_note":"","_monsterinsights_sitenote_category":0,"footnotes":""},"categories":[154],"tags":[10320,1022],"class_list":["post-102645","post","type-post","status-publish","format-standard","has-post-thumbnail","hentry","category-veracruz","tag-cambio-climatico-2","tag-sedema","wp-image-borders"],"amp_enabled":true,"_links":{"self":[{"href":"https:\/\/nvnoticias.mx\/index.php\/wp-json\/wp\/v2\/posts\/102645","targetHints":{"allow":["GET"]}}],"collection":[{"href":"https:\/\/nvnoticias.mx\/index.php\/wp-json\/wp\/v2\/posts"}],"about":[{"href":"https:\/\/nvnoticias.mx\/index.php\/wp-json\/wp\/v2\/types\/post"}],"author":[{"embeddable":true,"href":"https:\/\/nvnoticias.mx\/index.php\/wp-json\/wp\/v2\/users\/8"}],"replies":[{"embeddable":true,"href":"https:\/\/nvnoticias.mx\/index.php\/wp-json\/wp\/v2\/comments?post=102645"}],"version-history":[{"count":1,"href":"https:\/\/nvnoticias.mx\/index.php\/wp-json\/wp\/v2\/posts\/102645\/revisions"}],"predecessor-version":[{"id":102647,"href":"https:\/\/nvnoticias.mx\/index.php\/wp-json\/wp\/v2\/posts\/102645\/revisions\/102647"}],"wp:featuredmedia":[{"embeddable":true,"href":"https:\/\/nvnoticias.mx\/index.php\/wp-json\/wp\/v2\/media\/102646"}],"wp:attachment":[{"href":"https:\/\/nvnoticias.mx\/index.php\/wp-json\/wp\/v2\/media?parent=102645"}],"wp:term":[{"taxonomy":"category","embeddable":true,"href":"https:\/\/nvnoticias.mx\/index.php\/wp-json\/wp\/v2\/categories?post=102645"},{"taxonomy":"post_tag","embeddable":true,"href":"https:\/\/nvnoticias.mx\/index.php\/wp-json\/wp\/v2\/tags?post=102645"}],"curies":[{"name":"wp","href":"https:\/\/api.w.org\/{rel}","templated":true}]}}