{"id":102627,"date":"2023-04-11T14:01:27","date_gmt":"2023-04-11T19:01:27","guid":{"rendered":"https:\/\/nvnoticias.mx\/?p=102627"},"modified":"2023-04-11T14:01:28","modified_gmt":"2023-04-11T19:01:28","slug":"multan-a-50-recicladoras-por-falta-de-permisos-en-veracruz-puerto","status":"publish","type":"post","link":"https:\/\/nvnoticias.mx\/index.php\/2023\/04\/11\/multan-a-50-recicladoras-por-falta-de-permisos-en-veracruz-puerto\/","title":{"rendered":"Multan a 50 recicladoras por falta de permisos en Veracruz Puerto"},"content":{"rendered":"\n<p><strong>Jes\u00fas Utrilla \/ NV Noticias<\/strong><\/p>\n\n\n\n<p>En la ciudad de Veracruz fueron multadas 50 recicladoras por falta de permisos, inform\u00f3 Ricardo Colorado Alfonso, director del Medio Ambiente del Ayuntamiento de Veracruz. <\/p>\n\n\n\n<p>Dijo que son las que se identificaron a trav\u00e9s de recorridos de supervisi\u00f3n y se les requiri\u00f3 para regularizar su situaci\u00f3n. <\/p>\n\n\n\n<p>Por su parte ser\u00e1 la Procuradur\u00eda Estatal de Medio Ambiente (PMA) la que proceda por la v\u00eda penal en contra de la empresa recicladora que se quem\u00f3 en un incendio la tarde del domingo pasado en las inmediaciones de la zona industrial del municipio de Veracruz.  <\/p>\n\n\n\n<blockquote class=\"wp-block-quote is-layout-flow wp-block-quote-is-layout-flow\"><p>\u201cSon cerca de 50 que el a\u00f1o pasado regularizamos. No ten\u00edan estudio de impacto ambiental para trabajar y a algunas les faltaba el registro de manejo especial que se saca en Sedema, con Gobierno del Estado\u201d. <\/p><\/blockquote>\n\n\n\n<p>Si las recicladoras son menores a 2 mil metros cuadrados el municipio otorga un permiso de impacto ambiental. En el caso de la ubicada en ciudad industrial el permiso correspond\u00eda a la Procuradur\u00eda Estatal de Medio Ambiente (PMA), por el tama\u00f1o de la misma. <\/p>\n\n\n\n<p>El funcionario municipal aclar\u00f3 que no ten\u00edan reportes de incidencias en las recicladoras relacionadas con el robo de material en la v\u00eda p\u00fablica, como hace dos a\u00f1os que saqueaban las rejillas de la ciudad.  <\/p>\n","protected":false},"excerpt":{"rendered":"<p>Jes\u00fas Utrilla \/ NV Noticias En la ciudad de Veracruz fueron multadas 50 recicladoras por falta de permisos, inform\u00f3 Ricardo Colorado Alfonso, director del Medio Ambiente del Ayuntamiento de Veracruz. Dijo que son las que se identificaron a trav\u00e9s de recorridos de supervisi\u00f3n y se les requiri\u00f3 para regularizar su situaci\u00f3n. Por su parte ser\u00e1 [&hellip;]<\/p>\n","protected":false},"author":8,"featured_media":2033,"comment_status":"open","ping_status":"open","sticky":false,"template":"","format":"standard","meta":{"_monsterinsights_skip_tracking":false,"_monsterinsights_sitenote_active":false,"_monsterinsights_sitenote_note":"","_monsterinsights_sitenote_category":0,"footnotes":""},"categories":[154],"tags":[9189,24491,180],"class_list":["post-102627","post","type-post","status-publish","format-standard","has-post-thumbnail","hentry","category-veracruz","tag-pma","tag-recicladoras","tag-veracruz","wp-image-borders"],"amp_enabled":true,"_links":{"self":[{"href":"https:\/\/nvnoticias.mx\/index.php\/wp-json\/wp\/v2\/posts\/102627","targetHints":{"allow":["GET"]}}],"collection":[{"href":"https:\/\/nvnoticias.mx\/index.php\/wp-json\/wp\/v2\/posts"}],"about":[{"href":"https:\/\/nvnoticias.mx\/index.php\/wp-json\/wp\/v2\/types\/post"}],"author":[{"embeddable":true,"href":"https:\/\/nvnoticias.mx\/index.php\/wp-json\/wp\/v2\/users\/8"}],"replies":[{"embeddable":true,"href":"https:\/\/nvnoticias.mx\/index.php\/wp-json\/wp\/v2\/comments?post=102627"}],"version-history":[{"count":1,"href":"https:\/\/nvnoticias.mx\/index.php\/wp-json\/wp\/v2\/posts\/102627\/revisions"}],"predecessor-version":[{"id":102633,"href":"https:\/\/nvnoticias.mx\/index.php\/wp-json\/wp\/v2\/posts\/102627\/revisions\/102633"}],"wp:featuredmedia":[{"embeddable":true,"href":"https:\/\/nvnoticias.mx\/index.php\/wp-json\/wp\/v2\/media\/2033"}],"wp:attachment":[{"href":"https:\/\/nvnoticias.mx\/index.php\/wp-json\/wp\/v2\/media?parent=102627"}],"wp:term":[{"taxonomy":"category","embeddable":true,"href":"https:\/\/nvnoticias.mx\/index.php\/wp-json\/wp\/v2\/categories?post=102627"},{"taxonomy":"post_tag","embeddable":true,"href":"https:\/\/nvnoticias.mx\/index.php\/wp-json\/wp\/v2\/tags?post=102627"}],"curies":[{"name":"wp","href":"https:\/\/api.w.org\/{rel}","templated":true}]}}