{"id":102618,"date":"2023-04-11T13:30:17","date_gmt":"2023-04-11T18:30:17","guid":{"rendered":"https:\/\/nvnoticias.mx\/?p=102618"},"modified":"2023-04-11T13:30:17","modified_gmt":"2023-04-11T18:30:17","slug":"comercios-que-no-cuenten-con-permisos-municipales-seran-clausurados","status":"publish","type":"post","link":"https:\/\/nvnoticias.mx\/index.php\/2023\/04\/11\/comercios-que-no-cuenten-con-permisos-municipales-seran-clausurados\/","title":{"rendered":"Comercios que no cuenten con permisos municipales ser\u00e1n clausurados"},"content":{"rendered":"\n<p><strong>Jes\u00fas Utrilla | NV Noticias<\/strong><\/p>\n\n\n\n<p>&nbsp;Seguir\u00e1 la supervisi\u00f3n a comercios de Veracruz, para verificar que cuenten con permisos, se\u00f1al\u00f3 la alcaldesa Patricia Lobeira Rodr\u00edguez.&nbsp;<\/p>\n\n\n\n<p>Dijo que la palapa Buchaca no contaba con permisos municipales y por eso fue la \u00fanica que se clausur\u00f3 en la zona de Villa del Mar.&nbsp;<\/p>\n\n\n\n<blockquote class=\"wp-block-quote is-layout-flow wp-block-quote-is-layout-flow\"><p>\u201cVamos a seguir con este tipo de acciones si la gente no cumple con la norma municipal. Por el momento fue la \u00fanica clausura. Sin embargo, aplicamos la ley como debe ser y si alg\u00fan comercio no cumple con las leyes municipales procederemos a la clausura\u201d.\u00a0<\/p><\/blockquote>\n\n\n\n<p>La clausura es temporal y el restaurante volver\u00e1 a abrir hasta que paguen la multa. Por otro&nbsp;lado&nbsp;se\u00f1al\u00f3 que los operativos para no estacionarse en la zona de Villa del Mar continuaran cuando haya aumento del flujo vehicular para permitir que haya un mayor tr\u00e1nsito por la zona. Por el momento seguir\u00e1 la medida en lo que resta de las vacaciones, por lo cual, los automovilistas deben buscar opciones en calles aleda\u00f1as.&nbsp;<\/p>\n\n\n\n<p>Asimismo,&nbsp;confirm\u00f3 que se llev\u00f3 a cabo el cambio de armas de la Polic\u00eda Naval del municipio de Veracruz. La ceremonia se realiz\u00f3 en Playa Linda y qued\u00f3 al frente&nbsp;Egner&nbsp;Hern\u00e1ndez Zamudio y dej\u00f3 el cargo H\u00e9ctor Cruz Far\u00edas.&nbsp;<\/p>\n\n\n\n<p>La alcaldesa porte\u00f1a Patricia Lobeira Rodr\u00edguez afirm\u00f3 que seguir\u00e1&nbsp;la colaboraci\u00f3n entre los tres \u00f3rdenes de gobierno para garantizar la paz y tranquilidad de los veracruzanos.&nbsp;<\/p>\n\n\n\n<blockquote class=\"wp-block-quote is-layout-flow wp-block-quote-is-layout-flow\"><p>\u201cLa verdad bienvenidos, muy contentos y muy agradecida con la coordinaci\u00f3n que hubo con las fuerzas estatales y federales porque gracias a esa coordinaci\u00f3n es que se obtuvo saldo blanco en esta Semana Santa\u201d.\u00a0<\/p><\/blockquote>\n","protected":false},"excerpt":{"rendered":"<p>Jes\u00fas Utrilla | NV Noticias &nbsp;Seguir\u00e1 la supervisi\u00f3n a comercios de Veracruz, para verificar que cuenten con permisos, se\u00f1al\u00f3 la alcaldesa Patricia Lobeira Rodr\u00edguez.&nbsp; Dijo que la palapa Buchaca no contaba con permisos municipales y por eso fue la \u00fanica que se clausur\u00f3 en la zona de Villa del Mar.&nbsp; \u201cVamos a seguir con este [&hellip;]<\/p>\n","protected":false},"author":7,"featured_media":102619,"comment_status":"open","ping_status":"open","sticky":false,"template":"","format":"standard","meta":{"_monsterinsights_skip_tracking":false,"_monsterinsights_sitenote_active":false,"_monsterinsights_sitenote_note":"","_monsterinsights_sitenote_category":0,"footnotes":""},"categories":[154],"tags":[24488,590,320],"class_list":["post-102618","post","type-post","status-publish","format-standard","has-post-thumbnail","hentry","category-veracruz","tag-clausurados","tag-comercios","tag-permisos","wp-image-borders"],"amp_enabled":true,"_links":{"self":[{"href":"https:\/\/nvnoticias.mx\/index.php\/wp-json\/wp\/v2\/posts\/102618","targetHints":{"allow":["GET"]}}],"collection":[{"href":"https:\/\/nvnoticias.mx\/index.php\/wp-json\/wp\/v2\/posts"}],"about":[{"href":"https:\/\/nvnoticias.mx\/index.php\/wp-json\/wp\/v2\/types\/post"}],"author":[{"embeddable":true,"href":"https:\/\/nvnoticias.mx\/index.php\/wp-json\/wp\/v2\/users\/7"}],"replies":[{"embeddable":true,"href":"https:\/\/nvnoticias.mx\/index.php\/wp-json\/wp\/v2\/comments?post=102618"}],"version-history":[{"count":1,"href":"https:\/\/nvnoticias.mx\/index.php\/wp-json\/wp\/v2\/posts\/102618\/revisions"}],"predecessor-version":[{"id":102620,"href":"https:\/\/nvnoticias.mx\/index.php\/wp-json\/wp\/v2\/posts\/102618\/revisions\/102620"}],"wp:featuredmedia":[{"embeddable":true,"href":"https:\/\/nvnoticias.mx\/index.php\/wp-json\/wp\/v2\/media\/102619"}],"wp:attachment":[{"href":"https:\/\/nvnoticias.mx\/index.php\/wp-json\/wp\/v2\/media?parent=102618"}],"wp:term":[{"taxonomy":"category","embeddable":true,"href":"https:\/\/nvnoticias.mx\/index.php\/wp-json\/wp\/v2\/categories?post=102618"},{"taxonomy":"post_tag","embeddable":true,"href":"https:\/\/nvnoticias.mx\/index.php\/wp-json\/wp\/v2\/tags?post=102618"}],"curies":[{"name":"wp","href":"https:\/\/api.w.org\/{rel}","templated":true}]}}