{"id":102527,"date":"2023-04-10T20:35:00","date_gmt":"2023-04-11T01:35:00","guid":{"rendered":"https:\/\/nvnoticias.mx\/?p=102527"},"modified":"2023-04-10T23:40:45","modified_gmt":"2023-04-11T04:40:45","slug":"rinde-protesta-miguel-angel-patino-como-nuevo-secretario-ejecutivo-del-ine","status":"publish","type":"post","link":"https:\/\/nvnoticias.mx\/index.php\/2023\/04\/10\/rinde-protesta-miguel-angel-patino-como-nuevo-secretario-ejecutivo-del-ine\/","title":{"rendered":"Rinde protesta Miguel \u00c1ngel Pati\u00f1o como nuevo secretario ejecutivo del INE"},"content":{"rendered":"\n<p><strong>Miguel \u00c1ngel Pati\u00f1o<\/strong>\u00a0rindi\u00f3 protesta como el nuevo titular de la\u00a0<strong>Secretar\u00eda Ejecutiva del Instituto Nacional Electoral\u00a0<\/strong>(<strong>INE<\/strong>), esto porque en una sesi\u00f3n extraordinaria, la consejera presidenta\u00a0<strong>Guadalupe Taddei<\/strong>\u00a0legitim\u00f3 el cargo de manera oficial, con lo cual se tiene de manera definitiva el reemplazo de Edmundo Jacobo, quien estuvo en ese cargo por 15 a\u00f1os consecutivos y se consideraba la mano derecha de Lorenzo C\u00f3rdova, ex consejero presidente del organismo.<\/p>\n\n\n\n<p>A trav\u00e9s de la transmisi\u00f3n en vivo de la sesi\u00f3n convocada este lunes 10 de abril y de redes sociales, el organismo descentralizado inform\u00f3 a la ciudadan\u00eda que el cambio qued\u00f3 ratificado oficialmente ante los otros 10 miembros del&nbsp;<strong>Consejo General del INE<\/strong>, quienes se pusieron de pie para que el funcionario rindiera protesta en su nuevo cargo.<\/p>\n\n\n\n<blockquote class=\"wp-block-quote is-layout-flow wp-block-quote-is-layout-flow\"><p>\u201cMiguel \u00c1ngel Pati\u00f1o Arroyo, quien se desempe\u00f1aba como director de la Unidad T\u00e9cnica de Vinculaci\u00f3n con los Organismos P\u00fablicos Locales, tom\u00f3 protesta como encargado de despacho de la Secretar\u00eda Ejecutiva del INE\u201d<\/p><\/blockquote>\n\n\n\n<p>Con ello, el <strong>Consejo General del INE<\/strong>\u00a0ya qued\u00f3 completamente articulado:\u00a0<strong>Guadalupe Taddei Zavala<\/strong>, como presidenta del consejo; Miguel \u00c1ngel Pati\u00f1o Arroyo, como secretario ejecutivo \u2014y no como \u201cencargado de despacho de la Secretar\u00eda Ejecutiva\u201d; y como consejeros electorales Arturo Castillo Loza, Norma Irene De la Cruz Maga\u00f1a, Uuc-kib Espadas Ancona, Mart\u00edn Faz Mora,\u00a0<strong>Carla Astrid Humphrey Jordan<\/strong>, Rita Bell L\u00f3pez Vences, Jorge Monta\u00f1o Ventura, Dania Paola Ravel Cuevas, Jaime Rivera Vel\u00e1zquez y Beatriz Claudia Zavala P\u00e9rez.<\/p>\n\n\n\n<p>Esto despu\u00e9s de que la&nbsp;<strong>consejera presidenta<\/strong>, recientemente instalada en su puesto, cuestion\u00f3, conforme al procedimiento del&nbsp;<strong>INE<\/strong>, al ahora secretario general si cumplir\u00e1 adecuadamente su funci\u00f3n con apego al Estado de derecho y en respeto al marco normativo que interviene en el puesto que desempe\u00f1ar\u00e1 en los pr\u00f3ximos a\u00f1os.<\/p>\n\n\n\n<blockquote class=\"wp-block-quote is-layout-flow wp-block-quote-is-layout-flow\"><p>\u201cCiudadano Miguel \u00c1ngel Pati\u00f1o Arroyo, \u00bfprotesta usted guardar y hacer guardar la Constituci\u00f3n Pol\u00edtica de los Estados Unidos Mexicanos, las leyes que de ella emanen, cumplir con las normas contenidas en la Ley General de Instituciones y Procedimientos Electorales y desempe\u00f1ar leal y patri\u00f3ticamente la funci\u00f3n que se le ha encomendado?\u201d<\/p><\/blockquote>\n\n\n\n<h2 class=\"wp-block-heading\">Qui\u00e9n es Miguel \u00c1ngel Pati\u00f1o Arroyo, nuevo secretario ejecutivo del INE<\/h2>\n\n\n\n<p>De acuerdo con el portal oficial del INE, Pati\u00f1o Arroyo es\u00a0<strong>licenciado en Derecho<\/strong>\u00a0por la Universidad Latina de Am\u00e9rica, Campus Morelia, Michoac\u00e1n. Cuenta con el diplomado en An\u00e1lisis Pol\u00edtico por esta misma Instituci\u00f3n Educativa. Tambi\u00e9n es\u00a0<strong>maestro en Gesti\u00f3n P\u00fablica Aplicada y Diplomado en Administraci\u00f3n de Proyectos<\/strong>\u00a0por el Instituto Tecnol\u00f3gico y de Estudios Superiores de Monterrey (ITESM); concluy\u00f3 los estudios de la Maestr\u00eda en Instituciones y Procedimientos Electorales del INE y es<strong>\u00a0candidato a doctor en Ciencias Pol\u00edticas<\/strong>\u00a0por la Universidad Complutense de Madrid, Espa\u00f1a.<\/p>\n\n\n\n<p>En cuanto a su quehacer en el organismo aut\u00f3nomo, se registr\u00f3 que el ahora secretario ejecutivo ingres\u00f3 v\u00eda concurso de oposici\u00f3n al entonces\u00a0<strong>Instituto Federal Electoral<\/strong>\u00a0(<strong>IFE<\/strong>), ahora INE, como vocal secretario en el Distrito 05 en el Estado de Veracruz, en el a\u00f1o 2001, justo cuando M\u00e9xico atravesaba un periodo de transici\u00f3n partidaria del PRI al PAN.<\/p>\n\n\n\n<figure class=\"wp-block-embed aligncenter is-type-rich is-provider-twitter wp-block-embed-twitter\"><div class=\"wp-block-embed__wrapper\">\n<blockquote class=\"twitter-tweet\" data-width=\"550\" data-dnt=\"true\"><p lang=\"es\" dir=\"ltr\">Miguel \u00c1ngel Pati\u00f1o Arroyo, quien se desempe\u00f1aba como Director de la Unidad T\u00e9cnica de Vinculaci\u00f3n con los Organismos P\u00fablicos Locales, tom\u00f3 protesta como encargado de despacho de la Secretar\u00eda Ejecutiva del INE. <a href=\"https:\/\/t.co\/DcQnGlnC3S\">pic.twitter.com\/DcQnGlnC3S<\/a><\/p>&mdash; @INEMexico (@INEMexico) <a href=\"https:\/\/twitter.com\/INEMexico\/status\/1645567115972210691?ref_src=twsrc%5Etfw\">April 10, 2023<\/a><\/blockquote><script async src=\"https:\/\/platform.twitter.com\/widgets.js\" charset=\"utf-8\"><\/script>\n<\/div><\/figure>\n\n\n\n<p>En 2005 ocup\u00f3 el cargo de vocal secretario en la Junta Local Ejecutiva en el Estado de Tabasco; en los a\u00f1os 2007 y 2008 fungi\u00f3 como Encargado de la Delegaci\u00f3n del Instituto Federal Electoral en esa misma entidad; de 2011 a 2015 se desempe\u00f1\u00f3 como&nbsp;<strong>director de Operaci\u00f3n Regional en la Direcci\u00f3n Ejecutiva de Organizaci\u00f3n Electoral<\/strong>.<\/p>\n\n\n\n<p>A partir de noviembre de 2015 fue nombrado titular de la Unidad T\u00e9cnica de Vinculaci\u00f3n con los Organismos P\u00fablicos Locales (<strong>OPLE\u2019s<\/strong>). Finalmente, ha impartido diversas conferencias en los temas de Sistema Pol\u00edtico Mexicano, Procesos Electorales, Cultura Pol\u00edtica, Observancia Electoral, C\u00f3mputos Distritales, Legislaci\u00f3n Electoral, entre otros; asimismo, ha impartido los M\u00f3dulos de Delitos Electorales y Medios de Impugnaci\u00f3n Electoral en Diplomados en Materia Electoral.<\/p>\n\n\n\n<p>Fuente: <a href=\"https:\/\/www.infobae.com\/mexico\/2023\/04\/11\/miguel-angel-patino-rindio-protesta-como-nuevo-secretario-ejecutivo-del-ine\/\">Infobae<\/a><\/p>\n","protected":false},"excerpt":{"rendered":"<p>Miguel \u00c1ngel Pati\u00f1o\u00a0rindi\u00f3 protesta como el nuevo titular de la\u00a0Secretar\u00eda Ejecutiva del Instituto Nacional Electoral\u00a0(INE), esto porque en una sesi\u00f3n extraordinaria, la consejera presidenta\u00a0Guadalupe Taddei\u00a0legitim\u00f3 el cargo de manera oficial, con lo cual se tiene de manera definitiva el reemplazo de Edmundo Jacobo, quien estuvo en ese cargo por 15 a\u00f1os consecutivos y se consideraba [&hellip;]<\/p>\n","protected":false},"author":7,"featured_media":102528,"comment_status":"open","ping_status":"open","sticky":false,"template":"","format":"standard","meta":{"_monsterinsights_skip_tracking":false,"_monsterinsights_sitenote_active":false,"_monsterinsights_sitenote_note":"","_monsterinsights_sitenote_category":0,"footnotes":""},"categories":[158],"tags":[443,445,24480,162,24481],"class_list":["post-102527","post","type-post","status-publish","format-standard","has-post-thumbnail","hentry","category-politica","tag-ine","tag-instituto-nacional-electoral","tag-miguel-angel-patino","tag-portada","tag-secretario-ejecutivo-del-ine","wp-image-borders"],"amp_enabled":true,"_links":{"self":[{"href":"https:\/\/nvnoticias.mx\/index.php\/wp-json\/wp\/v2\/posts\/102527","targetHints":{"allow":["GET"]}}],"collection":[{"href":"https:\/\/nvnoticias.mx\/index.php\/wp-json\/wp\/v2\/posts"}],"about":[{"href":"https:\/\/nvnoticias.mx\/index.php\/wp-json\/wp\/v2\/types\/post"}],"author":[{"embeddable":true,"href":"https:\/\/nvnoticias.mx\/index.php\/wp-json\/wp\/v2\/users\/7"}],"replies":[{"embeddable":true,"href":"https:\/\/nvnoticias.mx\/index.php\/wp-json\/wp\/v2\/comments?post=102527"}],"version-history":[{"count":1,"href":"https:\/\/nvnoticias.mx\/index.php\/wp-json\/wp\/v2\/posts\/102527\/revisions"}],"predecessor-version":[{"id":102529,"href":"https:\/\/nvnoticias.mx\/index.php\/wp-json\/wp\/v2\/posts\/102527\/revisions\/102529"}],"wp:featuredmedia":[{"embeddable":true,"href":"https:\/\/nvnoticias.mx\/index.php\/wp-json\/wp\/v2\/media\/102528"}],"wp:attachment":[{"href":"https:\/\/nvnoticias.mx\/index.php\/wp-json\/wp\/v2\/media?parent=102527"}],"wp:term":[{"taxonomy":"category","embeddable":true,"href":"https:\/\/nvnoticias.mx\/index.php\/wp-json\/wp\/v2\/categories?post=102527"},{"taxonomy":"post_tag","embeddable":true,"href":"https:\/\/nvnoticias.mx\/index.php\/wp-json\/wp\/v2\/tags?post=102527"}],"curies":[{"name":"wp","href":"https:\/\/api.w.org\/{rel}","templated":true}]}}