{"id":102455,"date":"2023-04-10T13:03:35","date_gmt":"2023-04-10T18:03:35","guid":{"rendered":"https:\/\/nvnoticias.mx\/?p=102455"},"modified":"2023-04-10T13:03:36","modified_gmt":"2023-04-10T18:03:36","slug":"positiva-primera-semana-de-vacaciones-en-veracruz-se-supero-la-expectativa","status":"publish","type":"post","link":"https:\/\/nvnoticias.mx\/index.php\/2023\/04\/10\/positiva-primera-semana-de-vacaciones-en-veracruz-se-supero-la-expectativa\/","title":{"rendered":"Positiva primera semana de vacaciones en Veracruz; se super\u00f3 la expectativa"},"content":{"rendered":"\n<p><strong>Jes\u00fas Utrilla | NV Noticias<\/strong><\/p>\n\n\n\n<p>Se rompi\u00f3 r\u00e9cord de visitas en la primera semana de vacaciones en Veracruz, report\u00f3 la alcaldesa Patricia Lobeira Rodr\u00edguez.<\/p>\n\n\n\n<p>Dijo que m\u00e1s de 80 mil personas asistieron a las actividades deportivas, art\u00edsticas, recreativas y culturales, esto signific\u00f3 33 por ciento m\u00e1s de participantes respecto a 2022, quienes disfrutaron de unas vacaciones en familia.<\/p>\n\n\n\n<p>Agradeci\u00f3 a las c\u00e1maras, asociaciones, consejos y prestadores de servicios tur\u00edsticos que impulsan el desarrollo econ\u00f3mico de la ciudad.&nbsp;&nbsp;Esta semana continuar\u00e1 la presencia de turistas y con ello la generaci\u00f3n de derrama econ\u00f3mica para distintos sectores.<\/p>\n\n\n\n<blockquote class=\"wp-block-quote is-layout-flow wp-block-quote-is-layout-flow\"><p>\u201cRompimos r\u00e9cord por los niveles de visitantes y en venta que en 2019, antes de la pandemia. Se realizaron acciones preventivas y correctivas para mantener las playas y espacios p\u00fablicos limpios e iluminados, pintura vial, alumbrado, limpia p\u00fablica, poda de \u00e1rboles, entre otros\u201d.<\/p><\/blockquote>\n\n\n\n<p>El fin de semana la ocupaci\u00f3n hotelera fue de cien por ciento y se duplicaron ventas en comercios y restaurantes de la ciudad. Esto signific\u00f3 mayores ingresos para la cadena productiva y se traduce en mayor bienestar para las familias veracruzanas.<\/p>\n\n\n\n<p>Adem\u00e1s el saldo fue blanco por el esfuerzo de las \u00e1reas operativas de los tres niveles de gobierno quienes mantuvieron en orden la ciudad.<\/p>\n\n\n\n<p>Dijo que Semana Santa es de las temporadas vacacionales m\u00e1s importantes del a\u00f1o y hubo resultados exitosos por esfuerzos de las autoridades y de los empresarios.<\/p>\n\n\n\n<p>Previo a la temporada se llev\u00f3 a cabo una estrategia de difusi\u00f3n y promoci\u00f3n en diferentes ciudades como M\u00e9rida, Tijuana, Ciudad de M\u00e9xico, Guadalajara, Puebla, Tamaulipas y Tlaxcala y se logr\u00f3 colocar a la ciudad como el principal destino.<\/p>\n","protected":false},"excerpt":{"rendered":"<p>Jes\u00fas Utrilla | NV Noticias Se rompi\u00f3 r\u00e9cord de visitas en la primera semana de vacaciones en Veracruz, report\u00f3 la alcaldesa Patricia Lobeira Rodr\u00edguez. Dijo que m\u00e1s de 80 mil personas asistieron a las actividades deportivas, art\u00edsticas, recreativas y culturales, esto signific\u00f3 33 por ciento m\u00e1s de participantes respecto a 2022, quienes disfrutaron de unas [&hellip;]<\/p>\n","protected":false},"author":7,"featured_media":102457,"comment_status":"open","ping_status":"open","sticky":false,"template":"","format":"standard","meta":{"_monsterinsights_skip_tracking":false,"_monsterinsights_sitenote_active":false,"_monsterinsights_sitenote_note":"","_monsterinsights_sitenote_category":0,"footnotes":""},"categories":[154],"tags":[22057,17031,2158,180],"class_list":["post-102455","post","type-post","status-publish","format-standard","has-post-thumbnail","hentry","category-veracruz","tag-expectativa","tag-primera-semana","tag-vacaciones","tag-veracruz","wp-image-borders"],"amp_enabled":true,"_links":{"self":[{"href":"https:\/\/nvnoticias.mx\/index.php\/wp-json\/wp\/v2\/posts\/102455","targetHints":{"allow":["GET"]}}],"collection":[{"href":"https:\/\/nvnoticias.mx\/index.php\/wp-json\/wp\/v2\/posts"}],"about":[{"href":"https:\/\/nvnoticias.mx\/index.php\/wp-json\/wp\/v2\/types\/post"}],"author":[{"embeddable":true,"href":"https:\/\/nvnoticias.mx\/index.php\/wp-json\/wp\/v2\/users\/7"}],"replies":[{"embeddable":true,"href":"https:\/\/nvnoticias.mx\/index.php\/wp-json\/wp\/v2\/comments?post=102455"}],"version-history":[{"count":1,"href":"https:\/\/nvnoticias.mx\/index.php\/wp-json\/wp\/v2\/posts\/102455\/revisions"}],"predecessor-version":[{"id":102458,"href":"https:\/\/nvnoticias.mx\/index.php\/wp-json\/wp\/v2\/posts\/102455\/revisions\/102458"}],"wp:featuredmedia":[{"embeddable":true,"href":"https:\/\/nvnoticias.mx\/index.php\/wp-json\/wp\/v2\/media\/102457"}],"wp:attachment":[{"href":"https:\/\/nvnoticias.mx\/index.php\/wp-json\/wp\/v2\/media?parent=102455"}],"wp:term":[{"taxonomy":"category","embeddable":true,"href":"https:\/\/nvnoticias.mx\/index.php\/wp-json\/wp\/v2\/categories?post=102455"},{"taxonomy":"post_tag","embeddable":true,"href":"https:\/\/nvnoticias.mx\/index.php\/wp-json\/wp\/v2\/tags?post=102455"}],"curies":[{"name":"wp","href":"https:\/\/api.w.org\/{rel}","templated":true}]}}