{"id":102348,"date":"2023-04-09T15:56:56","date_gmt":"2023-04-09T20:56:56","guid":{"rendered":"https:\/\/nvnoticias.mx\/?p=102348"},"modified":"2023-04-09T15:56:57","modified_gmt":"2023-04-09T20:56:57","slug":"repleto-de-gente-lucen-el-malecon-el-zocalo-y-playas-de-la-ciudad-de-veracruz","status":"publish","type":"post","link":"https:\/\/nvnoticias.mx\/index.php\/2023\/04\/09\/repleto-de-gente-lucen-el-malecon-el-zocalo-y-playas-de-la-ciudad-de-veracruz\/","title":{"rendered":"Repleto de gente lucen el malec\u00f3n, el z\u00f3calo y playas de la ciudad de Veracruz"},"content":{"rendered":"\n<p><strong>Jes\u00fas Utrilla | NV Noticias<\/strong><\/p>\n\n\n\n<p>Las playas de Veracruz cerraron con lleno total la primer semana de vacaciones, pues incluso durante el domingo, las personas se dieron cita para disfrutar del mar.<\/p>\n\n\n\n<p>La m\u00e1s concurrida fue playa Villa del Mar, en donde no solamente se aprovech\u00f3 para realizar actividades acu\u00e1ticas, sino tambi\u00e9n para degustar de la gastronom\u00eda veracruzana.<\/p>\n\n\n\n<p>Otros turistas tambi\u00e9n visitaron Plaza Acuario, en donde tuvieron la opci\u00f3n de recorrer los diferentes museos y el Aquarium del Puerto de Veracruz.<\/p>\n\n\n\n<p>La mayor\u00eda de las personas fueron turistas que aprovecharon hasta el \u00faltimo momento de sus vacaciones para estar en la zona conurbada Veracruz-Boca Del R\u00edo.<\/p>\n\n\n\n<p>Desde muy temprano la gente lleg\u00f3 a las playas para apartar su lugar y convivir con la familia o los amigos con quienes llegaron a la ciudad de Veracruz.<\/p>\n\n\n\n<p>Las personas optaron por pescados y mariscos, pero tambi\u00e9n por los tradicionales volovanes que les ofrecieron en la playa.<br>Por la tarde muchos comenzaron a retirarse para continuar el lunes con sus actividades.<\/p>\n\n\n\n<p>Es de mencionar que los prestadores de servicios tur\u00edsticos esperan que la pr\u00f3xima semana vuelvan a repetirse los buenos resultados, ya que muchas personas viajan en la segunda semana vacacional.<\/p>\n\n\n\n<p>El Malecon y el Z\u00f3calo de la ciudad, tambi\u00e9n lucieron llenos, adem\u00e1s los paseantes aprovecharon para subirse el carrusel y tomarse la foto con la jarocha gigante .<\/p>\n","protected":false},"excerpt":{"rendered":"<p>Jes\u00fas Utrilla | NV Noticias Las playas de Veracruz cerraron con lleno total la primer semana de vacaciones, pues incluso durante el domingo, las personas se dieron cita para disfrutar del mar. La m\u00e1s concurrida fue playa Villa del Mar, en donde no solamente se aprovech\u00f3 para realizar actividades acu\u00e1ticas, sino tambi\u00e9n para degustar de [&hellip;]<\/p>\n","protected":false},"author":6,"featured_media":102349,"comment_status":"open","ping_status":"open","sticky":false,"template":"","format":"standard","meta":{"_monsterinsights_skip_tracking":false,"_monsterinsights_sitenote_active":false,"_monsterinsights_sitenote_note":"","_monsterinsights_sitenote_category":0,"footnotes":""},"categories":[154],"tags":[744,180],"class_list":["post-102348","post","type-post","status-publish","format-standard","has-post-thumbnail","hentry","category-veracruz","tag-turismo","tag-veracruz","wp-image-borders"],"amp_enabled":true,"_links":{"self":[{"href":"https:\/\/nvnoticias.mx\/index.php\/wp-json\/wp\/v2\/posts\/102348","targetHints":{"allow":["GET"]}}],"collection":[{"href":"https:\/\/nvnoticias.mx\/index.php\/wp-json\/wp\/v2\/posts"}],"about":[{"href":"https:\/\/nvnoticias.mx\/index.php\/wp-json\/wp\/v2\/types\/post"}],"author":[{"embeddable":true,"href":"https:\/\/nvnoticias.mx\/index.php\/wp-json\/wp\/v2\/users\/6"}],"replies":[{"embeddable":true,"href":"https:\/\/nvnoticias.mx\/index.php\/wp-json\/wp\/v2\/comments?post=102348"}],"version-history":[{"count":1,"href":"https:\/\/nvnoticias.mx\/index.php\/wp-json\/wp\/v2\/posts\/102348\/revisions"}],"predecessor-version":[{"id":102350,"href":"https:\/\/nvnoticias.mx\/index.php\/wp-json\/wp\/v2\/posts\/102348\/revisions\/102350"}],"wp:featuredmedia":[{"embeddable":true,"href":"https:\/\/nvnoticias.mx\/index.php\/wp-json\/wp\/v2\/media\/102349"}],"wp:attachment":[{"href":"https:\/\/nvnoticias.mx\/index.php\/wp-json\/wp\/v2\/media?parent=102348"}],"wp:term":[{"taxonomy":"category","embeddable":true,"href":"https:\/\/nvnoticias.mx\/index.php\/wp-json\/wp\/v2\/categories?post=102348"},{"taxonomy":"post_tag","embeddable":true,"href":"https:\/\/nvnoticias.mx\/index.php\/wp-json\/wp\/v2\/tags?post=102348"}],"curies":[{"name":"wp","href":"https:\/\/api.w.org\/{rel}","templated":true}]}}