{"id":1023,"date":"2021-01-13T12:21:05","date_gmt":"2021-01-13T18:21:05","guid":{"rendered":"https:\/\/nvnoticias.mx\/?p=1023"},"modified":"2021-01-13T12:21:06","modified_gmt":"2021-01-13T18:21:06","slug":"explica-el-inai-los-cambios-en-la-privacidad-de-whatsapp","status":"publish","type":"post","link":"https:\/\/nvnoticias.mx\/index.php\/2021\/01\/13\/explica-el-inai-los-cambios-en-la-privacidad-de-whatsapp\/","title":{"rendered":"Explica el INAI los cambios en la privacidad de WhatsApp"},"content":{"rendered":"\n<p>El Instituto Nacional de Transparencia, Acceso a la Informaci\u00f3n y Protecci\u00f3n de Datos Personales (INAI) explic\u00f3 que las nuevas condiciones de WhatsApp servir\u00e1n para que Facebook, propietaria del servicio de mensajer\u00eda, comparta informaci\u00f3n con otras empresas y as\u00ed crear anuncios personalizados en sus plataformas.<\/p>\n\n\n\n<p>El organismo garante de la protecci\u00f3n de datos personales advirti\u00f3 que, si bien WhatsApp est\u00e1 notificando que la informaci\u00f3n que recopile ser\u00e1 compartida con otras empresas, \u201cno se definen con claridad las medidas de seguridad para proteger la informaci\u00f3n compartida\u201d. <\/p>\n\n\n\n<p>Ante ello, el INAI pidi\u00f3 a todos los usuarios del servicio de WhatsApp revisar a detalle los nuevos t\u00e9rminos de la pol\u00edtica de privacidad y las condiciones de uso y tomar una decisi\u00f3n informada, pues aqu\u00e9llos que no acepten los nuevos t\u00e9rminos y condiciones no podr\u00e1n seguir haciendo uso de esta aplicaci\u00f3n y deber\u00e1n evaluar el uso de otras aplicaciones o servicios de mensajer\u00eda disponibles digitalmente.<\/p>\n\n\n\n<p>El INAI record\u00f3 que el 4 de enero pasado, se notific\u00f3 a los usuarios de WhatsApp sobre la actualizaci\u00f3n de las condiciones del servicio y la pol\u00edtica de privacidad de la aplicaci\u00f3n. Detall\u00f3 que se estableci\u00f3 como fecha l\u00edmite para aceptar los nuevos t\u00e9rminos el 8 de febrero de 2021. <\/p>\n\n\n\n<p>Al respecto, el INAI explic\u00f3 que al aceptar esta nueva pol\u00edtica de privacidad, los usuarios permitir\u00e1n que WhatsApp comparta ciertos datos para que prestadores de servicios tecnol\u00f3gicos como Facebook o terceros puedan tener acceso a las mismos e inclusive que los contratantes de estos servicios puedan almacenar los mismos a trav\u00e9s de los servicios prestados.<\/p>\n\n\n\n<p>Esto aplicar\u00e1, incluso, si el usuario no tiene cuenta de Facebook, pues la compa\u00f1\u00eda y sus subsidiarias podr\u00e1n recopilar informaci\u00f3n de las cuentas, n\u00fameros telef\u00f3nicos, mensajes e incluso transacciones. <\/p>\n\n\n\n<p>Ante las nuevas condiciones del servicio, el INAI realiz\u00f3 una revisi\u00f3n de la nueva pol\u00edtica de privacidad, del cual se advirtieron disposiciones que los usuarios deber\u00e1n tener presentes al decidir si contin\u00faan usando la aplicaci\u00f3n.<\/p>\n\n\n\n<p>Fuente: MILENIO<\/p>\n","protected":false},"excerpt":{"rendered":"<p>El Instituto Nacional de Transparencia, Acceso a la Informaci\u00f3n y Protecci\u00f3n de Datos Personales (INAI) explic\u00f3 que las nuevas condiciones de WhatsApp servir\u00e1n para que Facebook, propietaria del servicio de mensajer\u00eda, comparta informaci\u00f3n con otras empresas y as\u00ed crear anuncios personalizados en sus plataformas. El organismo garante de la protecci\u00f3n de datos personales advirti\u00f3 que, [&hellip;]<\/p>\n","protected":false},"author":7,"featured_media":1025,"comment_status":"open","ping_status":"open","sticky":false,"template":"","format":"standard","meta":{"_monsterinsights_skip_tracking":false,"_monsterinsights_sitenote_active":false,"_monsterinsights_sitenote_note":"","_monsterinsights_sitenote_category":0,"footnotes":""},"categories":[157],"tags":[355,162,357,356,354],"class_list":["post-1023","post","type-post","status-publish","format-standard","has-post-thumbnail","hentry","category-nacional","tag-inai","tag-portada","tag-privacidad","tag-tecnologia","tag-whatsapp","wp-image-borders"],"amp_enabled":true,"_links":{"self":[{"href":"https:\/\/nvnoticias.mx\/index.php\/wp-json\/wp\/v2\/posts\/1023","targetHints":{"allow":["GET"]}}],"collection":[{"href":"https:\/\/nvnoticias.mx\/index.php\/wp-json\/wp\/v2\/posts"}],"about":[{"href":"https:\/\/nvnoticias.mx\/index.php\/wp-json\/wp\/v2\/types\/post"}],"author":[{"embeddable":true,"href":"https:\/\/nvnoticias.mx\/index.php\/wp-json\/wp\/v2\/users\/7"}],"replies":[{"embeddable":true,"href":"https:\/\/nvnoticias.mx\/index.php\/wp-json\/wp\/v2\/comments?post=1023"}],"version-history":[{"count":1,"href":"https:\/\/nvnoticias.mx\/index.php\/wp-json\/wp\/v2\/posts\/1023\/revisions"}],"predecessor-version":[{"id":1026,"href":"https:\/\/nvnoticias.mx\/index.php\/wp-json\/wp\/v2\/posts\/1023\/revisions\/1026"}],"wp:featuredmedia":[{"embeddable":true,"href":"https:\/\/nvnoticias.mx\/index.php\/wp-json\/wp\/v2\/media\/1025"}],"wp:attachment":[{"href":"https:\/\/nvnoticias.mx\/index.php\/wp-json\/wp\/v2\/media?parent=1023"}],"wp:term":[{"taxonomy":"category","embeddable":true,"href":"https:\/\/nvnoticias.mx\/index.php\/wp-json\/wp\/v2\/categories?post=1023"},{"taxonomy":"post_tag","embeddable":true,"href":"https:\/\/nvnoticias.mx\/index.php\/wp-json\/wp\/v2\/tags?post=1023"}],"curies":[{"name":"wp","href":"https:\/\/api.w.org\/{rel}","templated":true}]}}