{"id":102257,"date":"2023-04-08T16:09:18","date_gmt":"2023-04-08T21:09:18","guid":{"rendered":"https:\/\/nvnoticias.mx\/?p=102257"},"modified":"2023-04-08T16:09:19","modified_gmt":"2023-04-08T21:09:19","slug":"taxistas-de-veracruz-reportaron-repunte-en-el-numero-de-servicios-por-las-vacaciones","status":"publish","type":"post","link":"https:\/\/nvnoticias.mx\/index.php\/2023\/04\/08\/taxistas-de-veracruz-reportaron-repunte-en-el-numero-de-servicios-por-las-vacaciones\/","title":{"rendered":"Taxistas de Veracruz reportaron repunte en el n\u00famero de servicios por las vacaciones"},"content":{"rendered":"\n<p><strong>Jes\u00fas Utrilla \/ NV Noticias<\/strong><\/p>\n\n\n\n<p>Taxistas de la ciudad de Veracruz reportaron un repunte importante en el n\u00famero de servicios por las vacaciones de Semana Santa.<\/p>\n\n\n\n<p>Mario Ortiz Mart\u00ednez, presidente de la Coalici\u00f3n de Taxistas de Veracruz, afirm\u00f3 que desde finales del a\u00f1o pasado se reactiv\u00f3 la movilidad y los fines de semana hay una importante cantidad de paseantes en la zona conurbada que requieren servicio de transporte.<\/p>\n\n\n\n<p> Esta Semana Santa es el detonante para retomar una normalidad total.<\/p>\n\n\n\n<blockquote class=\"wp-block-quote is-layout-flow wp-block-quote-is-layout-flow\"><p>&#8220;<em>Es primer periodo vacacional con una normalidad plena. Los \u00faltimos eventos locales que ha habido, los eventos deportivos han mostrado ya la confianza que retom\u00f3 la gente en el trato social, en la convivencia social<\/em>\u201d.<\/p><\/blockquote>\n\n\n\n<p>Insisti\u00f3 en que los trabajadores del volante incrementaron sus utilidades durante el periodo vacacional sobre todo con repuntes importantes en estos d\u00edas santos.<\/p>\n\n\n\n<blockquote class=\"wp-block-quote is-layout-flow wp-block-quote-is-layout-flow\"><p>&#8220;<em>Este periodo vacacional es el primero que consideremos normal al cien por ciento ya de aqu\u00ed en adelante todos los dem\u00e1s seguramente estar\u00e1n as\u00ed&#8221;<\/em>.<\/p><\/blockquote>\n\n\n\n<p>A su parecer, el primer trimestre del a\u00f1o fue positivo en materia de movilidad, ya que se reactiv\u00f3 la industria sin chimeneas, favoreciendo a los transportistas de la zona conurbada Veracruz-Boca Del R\u00edo.<\/p>\n","protected":false},"excerpt":{"rendered":"<p>Jes\u00fas Utrilla \/ NV Noticias Taxistas de la ciudad de Veracruz reportaron un repunte importante en el n\u00famero de servicios por las vacaciones de Semana Santa. Mario Ortiz Mart\u00ednez, presidente de la Coalici\u00f3n de Taxistas de Veracruz, afirm\u00f3 que desde finales del a\u00f1o pasado se reactiv\u00f3 la movilidad y los fines de semana hay una [&hellip;]<\/p>\n","protected":false},"author":8,"featured_media":102258,"comment_status":"open","ping_status":"open","sticky":false,"template":"","format":"standard","meta":{"_monsterinsights_skip_tracking":false,"_monsterinsights_sitenote_active":false,"_monsterinsights_sitenote_note":"","_monsterinsights_sitenote_category":0,"footnotes":""},"categories":[154],"tags":[4845,1474,1168,884,180],"class_list":["post-102257","post","type-post","status-publish","format-standard","has-post-thumbnail","hentry","category-veracruz","tag-repunte","tag-semana-santa","tag-servicios","tag-taxistas","tag-veracruz","wp-image-borders"],"amp_enabled":true,"_links":{"self":[{"href":"https:\/\/nvnoticias.mx\/index.php\/wp-json\/wp\/v2\/posts\/102257","targetHints":{"allow":["GET"]}}],"collection":[{"href":"https:\/\/nvnoticias.mx\/index.php\/wp-json\/wp\/v2\/posts"}],"about":[{"href":"https:\/\/nvnoticias.mx\/index.php\/wp-json\/wp\/v2\/types\/post"}],"author":[{"embeddable":true,"href":"https:\/\/nvnoticias.mx\/index.php\/wp-json\/wp\/v2\/users\/8"}],"replies":[{"embeddable":true,"href":"https:\/\/nvnoticias.mx\/index.php\/wp-json\/wp\/v2\/comments?post=102257"}],"version-history":[{"count":1,"href":"https:\/\/nvnoticias.mx\/index.php\/wp-json\/wp\/v2\/posts\/102257\/revisions"}],"predecessor-version":[{"id":102259,"href":"https:\/\/nvnoticias.mx\/index.php\/wp-json\/wp\/v2\/posts\/102257\/revisions\/102259"}],"wp:featuredmedia":[{"embeddable":true,"href":"https:\/\/nvnoticias.mx\/index.php\/wp-json\/wp\/v2\/media\/102258"}],"wp:attachment":[{"href":"https:\/\/nvnoticias.mx\/index.php\/wp-json\/wp\/v2\/media?parent=102257"}],"wp:term":[{"taxonomy":"category","embeddable":true,"href":"https:\/\/nvnoticias.mx\/index.php\/wp-json\/wp\/v2\/categories?post=102257"},{"taxonomy":"post_tag","embeddable":true,"href":"https:\/\/nvnoticias.mx\/index.php\/wp-json\/wp\/v2\/tags?post=102257"}],"curies":[{"name":"wp","href":"https:\/\/api.w.org\/{rel}","templated":true}]}}