{"id":102241,"date":"2023-04-08T09:11:01","date_gmt":"2023-04-08T14:11:01","guid":{"rendered":"https:\/\/nvnoticias.mx\/?p=102241"},"modified":"2023-04-08T09:11:02","modified_gmt":"2023-04-08T14:11:02","slug":"biden-dice-que-peleara-para-anular-suspension-de-pildora-abortiva-en-eu","status":"publish","type":"post","link":"https:\/\/nvnoticias.mx\/index.php\/2023\/04\/08\/biden-dice-que-peleara-para-anular-suspension-de-pildora-abortiva-en-eu\/","title":{"rendered":"Biden dice que &#8220;pelear\u00e1&#8221; para anular suspensi\u00f3n de p\u00edldora abortiva en EU"},"content":{"rendered":"\n<p>El presidente de Estados Unidos,\u00a0Joe Biden, calific\u00f3 el viernes como un &#8220;paso sin precedentes en la eliminaci\u00f3n de las libertades fundamentales de las mujeres&#8221; la decisi\u00f3n de un juez federal conservador de suspender la aprobaci\u00f3n de comercializaci\u00f3n de una p\u00edldora abortiva, la mifepristona (RU 486).<\/p>\n\n\n\n<p>&#8220;Mi administraci\u00f3n pelear\u00e1 esta decisi\u00f3n&#8221; dijo Biden en un comunicado difundido por la\u00a0Casa Blanca. De mantenerse dicho fallo, ello har\u00eda que cada medicamento regulado sea vulnerable a &#8220;esta clase de ataques ideol\u00f3gicos y pol\u00edticos&#8221;, asegur\u00f3 el mandatario dem\u00f3crata.<\/p>\n\n\n\n<p>El gobierno del dem\u00f3crata &#8220;est\u00e1 totalmente en desacuerdo con la decisi\u00f3n&#8221; del tribunal, explic\u00f3 el fiscal general y secretario de Justicia,\u00a0Merrick Garland, en un comunicado. Dijo que el fallo &#8220;contraviene la opini\u00f3n experta de la\u00a0FDA\u00a0(la agencia federal que decide sobre los medicamentos, ndlr), dictada hace m\u00e1s de dos d\u00e9cadas, de que la mifepristona es segura y eficaz&#8221;.<\/p>\n\n\n\n<h4 class=\"wp-block-heading\">Amenaza a los derechos de las mujeres: Kamala Harris<\/h4>\n\n\n\n<p>Para la vicepresidenta estadounidense,\u00a0Kamala Harris, esta &#8220;decisi\u00f3n sin precedentes de hoy amenaza los derechos de las mujeres en el pa\u00eds a tomar decisiones sobre su salud y su capacidad a acceder a los medicamentos recetados por sus m\u00e9dicos&#8221;.<\/p>\n\n\n\n<p>Diez meses despu\u00e9s del hist\u00f3rico fallo de la\u00a0Corte Suprema\u00a0que le dio a cada estado estadounidense la libertad de decidir sobre el aborto en su territorio, el magistrado\u00a0Matthew Kacsmaryk, conocido por su postura conservadora, emiti\u00f3 desde el estado de\u00a0Texas\u00a0(sur) una decisi\u00f3n que se supone debe aplicarse en todo el pa\u00eds.<\/p>\n\n\n\n<p>Uno de sus colegas en el estado de\u00a0Washington, consider\u00f3 sin embargo que la autorizaci\u00f3n de comercializaci\u00f3n de la mifepristona (RU 486), no podr\u00e1 retirarse en al menos 12 Estados dem\u00f3cratas. Por lo tanto, le corresponder\u00e1 a la\u00a0Corte Suprema, cuya composici\u00f3n fue reformulada por el expresidente republicano Donald Trump (2017-2021) durante su mandato y con mayor\u00eda conservadora, aclarar la situaci\u00f3n.<\/p>\n\n\n\n<p>El fallo del juez Kacsmaryk no tendr\u00e1 vigencia inmediata porque le dio al gobierno espacio para apelar.<\/p>\n\n\n\n<p>Fuete: <a href=\"https:\/\/www.eluniversal.com.mx\/mundo\/biden-dice-que-peleara-para-anular-suspension-de-pildora-abortiva-en-eu\/\">El Universal<\/a><\/p>\n","protected":false},"excerpt":{"rendered":"<p>El presidente de Estados Unidos,\u00a0Joe Biden, calific\u00f3 el viernes como un &#8220;paso sin precedentes en la eliminaci\u00f3n de las libertades fundamentales de las mujeres&#8221; la decisi\u00f3n de un juez federal conservador de suspender la aprobaci\u00f3n de comercializaci\u00f3n de una p\u00edldora abortiva, la mifepristona (RU 486). &#8220;Mi administraci\u00f3n pelear\u00e1 esta decisi\u00f3n&#8221; dijo Biden en un comunicado [&hellip;]<\/p>\n","protected":false},"author":8,"featured_media":102242,"comment_status":"open","ping_status":"open","sticky":false,"template":"","format":"standard","meta":{"_monsterinsights_skip_tracking":false,"_monsterinsights_sitenote_active":false,"_monsterinsights_sitenote_note":"","_monsterinsights_sitenote_category":0,"footnotes":""},"categories":[181],"tags":[183,182,24441],"class_list":["post-102241","post","type-post","status-publish","format-standard","has-post-thumbnail","hentry","category-internacional","tag-estados-unidos","tag-joe-biden","tag-pildora-abortiva","wp-image-borders"],"amp_enabled":true,"_links":{"self":[{"href":"https:\/\/nvnoticias.mx\/index.php\/wp-json\/wp\/v2\/posts\/102241","targetHints":{"allow":["GET"]}}],"collection":[{"href":"https:\/\/nvnoticias.mx\/index.php\/wp-json\/wp\/v2\/posts"}],"about":[{"href":"https:\/\/nvnoticias.mx\/index.php\/wp-json\/wp\/v2\/types\/post"}],"author":[{"embeddable":true,"href":"https:\/\/nvnoticias.mx\/index.php\/wp-json\/wp\/v2\/users\/8"}],"replies":[{"embeddable":true,"href":"https:\/\/nvnoticias.mx\/index.php\/wp-json\/wp\/v2\/comments?post=102241"}],"version-history":[{"count":1,"href":"https:\/\/nvnoticias.mx\/index.php\/wp-json\/wp\/v2\/posts\/102241\/revisions"}],"predecessor-version":[{"id":102243,"href":"https:\/\/nvnoticias.mx\/index.php\/wp-json\/wp\/v2\/posts\/102241\/revisions\/102243"}],"wp:featuredmedia":[{"embeddable":true,"href":"https:\/\/nvnoticias.mx\/index.php\/wp-json\/wp\/v2\/media\/102242"}],"wp:attachment":[{"href":"https:\/\/nvnoticias.mx\/index.php\/wp-json\/wp\/v2\/media?parent=102241"}],"wp:term":[{"taxonomy":"category","embeddable":true,"href":"https:\/\/nvnoticias.mx\/index.php\/wp-json\/wp\/v2\/categories?post=102241"},{"taxonomy":"post_tag","embeddable":true,"href":"https:\/\/nvnoticias.mx\/index.php\/wp-json\/wp\/v2\/tags?post=102241"}],"curies":[{"name":"wp","href":"https:\/\/api.w.org\/{rel}","templated":true}]}}