{"id":102100,"date":"2023-04-06T13:38:32","date_gmt":"2023-04-06T18:38:32","guid":{"rendered":"https:\/\/nvnoticias.mx\/?p=102100"},"modified":"2023-04-06T13:38:33","modified_gmt":"2023-04-06T18:38:33","slug":"las-albercas-gratuitas-de-veracruz-funcionan-de-10-de-la-manana-a-4-de-la-tarde","status":"publish","type":"post","link":"https:\/\/nvnoticias.mx\/index.php\/2023\/04\/06\/las-albercas-gratuitas-de-veracruz-funcionan-de-10-de-la-manana-a-4-de-la-tarde\/","title":{"rendered":"Las albercas gratuitas de Veracruz funcionan de 10 de la ma\u00f1ana a 4 de la tarde"},"content":{"rendered":"\n<p><strong>Jes\u00fas Utrilla | NV Noticias<\/strong><\/p>\n\n\n\n<p>En la ciudad de Veracruz se habilitaron cuatro albercas p\u00fablicas para el disfrute de las familias.<\/p>\n\n\n\n<p>El horario de servicio es de 10 de la ma\u00f1ana a 4 de la tarde y el acceso es gratuito, se\u00f1al\u00f3 el director de Turismo, Jos\u00e9 Antonio Salvatori Arjona.<\/p>\n\n\n\n<p>Las albercas se encuentran en el Parque Ecol\u00f3gico y las unidades deportivas Las Brisas y Salvador Campa.<\/p>\n\n\n\n<blockquote class=\"wp-block-quote is-layout-flow wp-block-quote-is-layout-flow\"><p>\u201cEstamos teniendo actividades tanto en playas como en unidades deportivas, que son cuatro: Salvador Campa, Brisas, parque Ecol\u00f3gico y otro m\u00e1s donde hay albercas gratuitas de uso recreativo\u201d.<\/p><\/blockquote>\n\n\n\n<p>El funcionario municipal dijo que son buena opci\u00f3n para quienes no quieren encontrarse con aglomeraciones en las playas o para quienes buscan actividades m\u00e1s cerca de su hogar.<br>Las albercas tienen capacidad hasta para 500 personas por lo que llam\u00f3 a disfrutar del agua en estas vacaciones de Semana Santa.<\/p>\n\n\n\n<blockquote class=\"wp-block-quote is-layout-flow wp-block-quote-is-layout-flow\"><p>\u201cPodr\u00e1n refrescarse un poco en las albercas. Es de lunes a domingo est\u00e1s dos semanas. Son como 400 o 500 personas por alberca y s\u00ed ha sido un \u00e9xito tambi\u00e9n\u201d.<\/p><\/blockquote>\n\n\n\n<p>Por otro lado dijo que el gimnasio al aire libre de la playa Mart\u00ed estar\u00e1 funcionando de 9 de la ma\u00f1ana a 6 de la tarde.<\/p>\n","protected":false},"excerpt":{"rendered":"<p>Jes\u00fas Utrilla | NV Noticias En la ciudad de Veracruz se habilitaron cuatro albercas p\u00fablicas para el disfrute de las familias. El horario de servicio es de 10 de la ma\u00f1ana a 4 de la tarde y el acceso es gratuito, se\u00f1al\u00f3 el director de Turismo, Jos\u00e9 Antonio Salvatori Arjona. Las albercas se encuentran en [&hellip;]<\/p>\n","protected":false},"author":35,"featured_media":102101,"comment_status":"open","ping_status":"open","sticky":false,"template":"","format":"standard","meta":{"_monsterinsights_skip_tracking":false,"_monsterinsights_sitenote_active":false,"_monsterinsights_sitenote_note":"","_monsterinsights_sitenote_category":0,"footnotes":""},"categories":[154],"tags":[11813,24414,16830,24415,180],"class_list":["post-102100","post","type-post","status-publish","format-standard","has-post-thumbnail","hentry","category-veracruz","tag-albercas","tag-funcionan","tag-gratuitas","tag-tarde","tag-veracruz","wp-image-borders"],"amp_enabled":true,"_links":{"self":[{"href":"https:\/\/nvnoticias.mx\/index.php\/wp-json\/wp\/v2\/posts\/102100","targetHints":{"allow":["GET"]}}],"collection":[{"href":"https:\/\/nvnoticias.mx\/index.php\/wp-json\/wp\/v2\/posts"}],"about":[{"href":"https:\/\/nvnoticias.mx\/index.php\/wp-json\/wp\/v2\/types\/post"}],"author":[{"embeddable":true,"href":"https:\/\/nvnoticias.mx\/index.php\/wp-json\/wp\/v2\/users\/35"}],"replies":[{"embeddable":true,"href":"https:\/\/nvnoticias.mx\/index.php\/wp-json\/wp\/v2\/comments?post=102100"}],"version-history":[{"count":1,"href":"https:\/\/nvnoticias.mx\/index.php\/wp-json\/wp\/v2\/posts\/102100\/revisions"}],"predecessor-version":[{"id":102102,"href":"https:\/\/nvnoticias.mx\/index.php\/wp-json\/wp\/v2\/posts\/102100\/revisions\/102102"}],"wp:featuredmedia":[{"embeddable":true,"href":"https:\/\/nvnoticias.mx\/index.php\/wp-json\/wp\/v2\/media\/102101"}],"wp:attachment":[{"href":"https:\/\/nvnoticias.mx\/index.php\/wp-json\/wp\/v2\/media?parent=102100"}],"wp:term":[{"taxonomy":"category","embeddable":true,"href":"https:\/\/nvnoticias.mx\/index.php\/wp-json\/wp\/v2\/categories?post=102100"},{"taxonomy":"post_tag","embeddable":true,"href":"https:\/\/nvnoticias.mx\/index.php\/wp-json\/wp\/v2\/tags?post=102100"}],"curies":[{"name":"wp","href":"https:\/\/api.w.org\/{rel}","templated":true}]}}