{"id":102050,"date":"2023-04-06T11:54:07","date_gmt":"2023-04-06T16:54:07","guid":{"rendered":"https:\/\/nvnoticias.mx\/?p=102050"},"modified":"2023-04-06T11:54:08","modified_gmt":"2023-04-06T16:54:08","slug":"arremete-david-faitelson-contra-cuauhtemoc-blanco-y-sus-comparaciones","status":"publish","type":"post","link":"https:\/\/nvnoticias.mx\/index.php\/2023\/04\/06\/arremete-david-faitelson-contra-cuauhtemoc-blanco-y-sus-comparaciones\/","title":{"rendered":"Arremete David Faitelson contra Cuauht\u00e9moc Blanco y sus comparaciones"},"content":{"rendered":"\n<p>Hace unos d\u00edas, el nombre de&nbsp;<strong>Cuauht\u00e9moc Blanco&nbsp;<\/strong>se volvi\u00f3 tendencia en redes sociales por unas declaraciones en las que se consider\u00f3 el mejor jugador mexicano en los \u00faltimos a\u00f1os.<\/p>\n\n\n\n<p>El exjugador de las\u00a0<strong>\u00c1guilas del Am\u00e9rica<\/strong>, agreg\u00f3 que por su carrera y cari\u00f1o de la afici\u00f3n, incluso estaba por encima de\u00a0<strong>Hugo S\u00e1nchez<\/strong>\u00a0y<strong>\u00a0Javier &#8216;Chicharito&#8217; Hern\u00e1ndez<\/strong>.<\/p>\n\n\n\n<p>Una situaci\u00f3n que gener\u00f3 de inmediato pol\u00e9mica y la respuesta de\u00a0<strong>David Faitelson<\/strong>, quien mediante sus redes sociales le respondi\u00f3 al ahora Gobernador del estado de Morelos.<\/p>\n\n\n\n<p>Al que sum\u00f3 junto a Hugo S\u00e1nchez y Chicharito Hern\u00e1ndez, como elementos que durante su trayectoria fracasaron en su paso por la\u00a0<strong>Selecci\u00f3n Mexicana<\/strong>\u00a0al buscar el quito partido.<\/p>\n\n\n\n<blockquote class=\"wp-block-quote is-layout-flow wp-block-quote-is-layout-flow\"><p>&#8220;Al final, Cuauht\u00e9moc Blanco, Hugo S\u00e1nchez y Javier Hern\u00e1ndez llegaron hasta el mismo \u201ctope\u201d con la selecci\u00f3n mexicana. Todos fracasaron en su intento por llevar a M\u00e9xico a la siguiente escala&#8221;, comparti\u00f3.<\/p><\/blockquote>\n\n\n\n<p>Fuente: <a href=\"https:\/\/www.eluniversal.com.mx\/deportes\/david-faitelson-arremete-contra-cuauhtemoc-blanco-y-sus-comparaciones-todos-fracasaron-en-el-tricolor\/\" data-type=\"URL\" data-id=\"https:\/\/www.eluniversal.com.mx\/deportes\/david-faitelson-arremete-contra-cuauhtemoc-blanco-y-sus-comparaciones-todos-fracasaron-en-el-tricolor\/\">El Universal<\/a> <\/p>\n","protected":false},"excerpt":{"rendered":"<p>Hace unos d\u00edas, el nombre de&nbsp;Cuauht\u00e9moc Blanco&nbsp;se volvi\u00f3 tendencia en redes sociales por unas declaraciones en las que se consider\u00f3 el mejor jugador mexicano en los \u00faltimos a\u00f1os. El exjugador de las\u00a0\u00c1guilas del Am\u00e9rica, agreg\u00f3 que por su carrera y cari\u00f1o de la afici\u00f3n, incluso estaba por encima de\u00a0Hugo S\u00e1nchez\u00a0y\u00a0Javier &#8216;Chicharito&#8217; Hern\u00e1ndez. Una situaci\u00f3n que [&hellip;]<\/p>\n","protected":false},"author":35,"featured_media":38042,"comment_status":"open","ping_status":"open","sticky":false,"template":"","format":"standard","meta":{"_monsterinsights_skip_tracking":false,"_monsterinsights_sitenote_active":false,"_monsterinsights_sitenote_note":"","_monsterinsights_sitenote_category":0,"footnotes":""},"categories":[159],"tags":[5458,6337,24401],"class_list":["post-102050","post","type-post","status-publish","format-standard","has-post-thumbnail","hentry","category-deportes","tag-arremete","tag-cuauhtemoc-blanco","tag-david-faitelson","wp-image-borders"],"amp_enabled":true,"_links":{"self":[{"href":"https:\/\/nvnoticias.mx\/index.php\/wp-json\/wp\/v2\/posts\/102050","targetHints":{"allow":["GET"]}}],"collection":[{"href":"https:\/\/nvnoticias.mx\/index.php\/wp-json\/wp\/v2\/posts"}],"about":[{"href":"https:\/\/nvnoticias.mx\/index.php\/wp-json\/wp\/v2\/types\/post"}],"author":[{"embeddable":true,"href":"https:\/\/nvnoticias.mx\/index.php\/wp-json\/wp\/v2\/users\/35"}],"replies":[{"embeddable":true,"href":"https:\/\/nvnoticias.mx\/index.php\/wp-json\/wp\/v2\/comments?post=102050"}],"version-history":[{"count":5,"href":"https:\/\/nvnoticias.mx\/index.php\/wp-json\/wp\/v2\/posts\/102050\/revisions"}],"predecessor-version":[{"id":102055,"href":"https:\/\/nvnoticias.mx\/index.php\/wp-json\/wp\/v2\/posts\/102050\/revisions\/102055"}],"wp:featuredmedia":[{"embeddable":true,"href":"https:\/\/nvnoticias.mx\/index.php\/wp-json\/wp\/v2\/media\/38042"}],"wp:attachment":[{"href":"https:\/\/nvnoticias.mx\/index.php\/wp-json\/wp\/v2\/media?parent=102050"}],"wp:term":[{"taxonomy":"category","embeddable":true,"href":"https:\/\/nvnoticias.mx\/index.php\/wp-json\/wp\/v2\/categories?post=102050"},{"taxonomy":"post_tag","embeddable":true,"href":"https:\/\/nvnoticias.mx\/index.php\/wp-json\/wp\/v2\/tags?post=102050"}],"curies":[{"name":"wp","href":"https:\/\/api.w.org\/{rel}","templated":true}]}}