{"id":101972,"date":"2023-04-05T15:05:06","date_gmt":"2023-04-05T20:05:06","guid":{"rendered":"https:\/\/nvnoticias.mx\/?p=101972"},"modified":"2023-04-05T15:05:07","modified_gmt":"2023-04-05T20:05:07","slug":"habra-dos-rumbatas-de-carnaval-esta-semana-santa-en-veracruz","status":"publish","type":"post","link":"https:\/\/nvnoticias.mx\/index.php\/2023\/04\/05\/habra-dos-rumbatas-de-carnaval-esta-semana-santa-en-veracruz\/","title":{"rendered":"Habr\u00e1 dos rumbatas de Carnaval esta Semana Santa en Veracruz"},"content":{"rendered":"\n<p><strong>Jes\u00fas Utrilla \/ NV Noticias<\/strong><\/p>\n\n\n\n<p>Para dar a conocer las fiestas del Carnaval de Veracruz 2023, estas vacaciones habr\u00e1\u00a0 dos rumbatas de carnaval en la ciudad porte\u00f1a los dos s\u00e1bados de vacaciones a las 11 de la ma\u00f1ana.<\/p>\n\n\n\n<p>El presidente del comit\u00e9 organizador de las fiestas, Luis Antonio P\u00e9rez Fraga, dijo que se busca que el turismo conozca que tipo de actividades de ofrecen y visiten nuevamente Veracruz en verano.<\/p>\n\n\n\n<blockquote class=\"wp-block-quote is-layout-flow wp-block-quote-is-layout-flow\"><p>\u201c<em>La idea es promover las fechas y vamos a llevar seis agrupaciones en cada rumbata, dos bastoneras, dos comparsas y dos batucadas. Ser\u00e1n del asta bandera hacia el acuario<\/em>\u201d.<\/p><\/blockquote>\n\n\n\n<p>La rumbata ser\u00e1 sobre la acera del bulevar costero para no interrumpir el tr\u00e1fico vehicular debido al alto aforo que se registra en la zona conurbada.<\/p>\n\n\n\n<p><strong>El Carnaval de Veracruz 2023 ser\u00e1 del 29 de junio al 5 de julio.<\/strong><\/p>\n\n\n\n<p>Los desfiles estar\u00e1n conformados por 52 comparsas entre grupos de baile, bastoneras y batucadas. Ser\u00e1n 27 carros aleg\u00f3ricos de los cuales 17 ser\u00e1n institucionales. Se estima que el paseo dure aproximadamente tres horas.<\/p>\n\n\n\n<blockquote class=\"wp-block-quote is-layout-flow wp-block-quote-is-layout-flow\"><p>\u201c<em>No queremos exponer tanto a la gente a las bebidas embriagantes ni al sol porque en julio las asociaciones de comparsas pidieron que se suspendiera el desfile del domingo en la ma\u00f1ana por los golpes de calor<\/em>\u201d.<\/p><\/blockquote>\n\n\n\n<p>Los paseos comenzar\u00e1n a las 6 de la tarde y en cuanto a los c\u00f3mputos finales de los reyes de carnaval ser\u00e1n el 29 de mayo, en el caso de los ni\u00f1os, el 30 de mayo los reyes y el 31 de mayo ser\u00e1 la final de las reinas en el z\u00f3calo de la ciudad.<\/p>\n","protected":false},"excerpt":{"rendered":"<p>Jes\u00fas Utrilla \/ NV Noticias Para dar a conocer las fiestas del Carnaval de Veracruz 2023, estas vacaciones habr\u00e1\u00a0 dos rumbatas de carnaval en la ciudad porte\u00f1a los dos s\u00e1bados de vacaciones a las 11 de la ma\u00f1ana. El presidente del comit\u00e9 organizador de las fiestas, Luis Antonio P\u00e9rez Fraga, dijo que se busca que [&hellip;]<\/p>\n","protected":false},"author":8,"featured_media":101974,"comment_status":"open","ping_status":"open","sticky":false,"template":"","format":"standard","meta":{"_monsterinsights_skip_tracking":false,"_monsterinsights_sitenote_active":false,"_monsterinsights_sitenote_note":"","_monsterinsights_sitenote_category":0,"footnotes":""},"categories":[154],"tags":[1138,24387,1474],"class_list":["post-101972","post","type-post","status-publish","format-standard","has-post-thumbnail","hentry","category-veracruz","tag-carnaval-de-veracruz","tag-rumbatas","tag-semana-santa","wp-image-borders"],"amp_enabled":true,"_links":{"self":[{"href":"https:\/\/nvnoticias.mx\/index.php\/wp-json\/wp\/v2\/posts\/101972","targetHints":{"allow":["GET"]}}],"collection":[{"href":"https:\/\/nvnoticias.mx\/index.php\/wp-json\/wp\/v2\/posts"}],"about":[{"href":"https:\/\/nvnoticias.mx\/index.php\/wp-json\/wp\/v2\/types\/post"}],"author":[{"embeddable":true,"href":"https:\/\/nvnoticias.mx\/index.php\/wp-json\/wp\/v2\/users\/8"}],"replies":[{"embeddable":true,"href":"https:\/\/nvnoticias.mx\/index.php\/wp-json\/wp\/v2\/comments?post=101972"}],"version-history":[{"count":1,"href":"https:\/\/nvnoticias.mx\/index.php\/wp-json\/wp\/v2\/posts\/101972\/revisions"}],"predecessor-version":[{"id":101975,"href":"https:\/\/nvnoticias.mx\/index.php\/wp-json\/wp\/v2\/posts\/101972\/revisions\/101975"}],"wp:featuredmedia":[{"embeddable":true,"href":"https:\/\/nvnoticias.mx\/index.php\/wp-json\/wp\/v2\/media\/101974"}],"wp:attachment":[{"href":"https:\/\/nvnoticias.mx\/index.php\/wp-json\/wp\/v2\/media?parent=101972"}],"wp:term":[{"taxonomy":"category","embeddable":true,"href":"https:\/\/nvnoticias.mx\/index.php\/wp-json\/wp\/v2\/categories?post=101972"},{"taxonomy":"post_tag","embeddable":true,"href":"https:\/\/nvnoticias.mx\/index.php\/wp-json\/wp\/v2\/tags?post=101972"}],"curies":[{"name":"wp","href":"https:\/\/api.w.org\/{rel}","templated":true}]}}