{"id":101953,"date":"2023-04-05T13:32:36","date_gmt":"2023-04-05T18:32:36","guid":{"rendered":"https:\/\/nvnoticias.mx\/?p=101953"},"modified":"2023-04-05T13:32:36","modified_gmt":"2023-04-05T18:32:36","slug":"veracruz-suman-102-incendios-forestales-en-la-actual-temporada","status":"publish","type":"post","link":"https:\/\/nvnoticias.mx\/index.php\/2023\/04\/05\/veracruz-suman-102-incendios-forestales-en-la-actual-temporada\/","title":{"rendered":"Veracruz suman 102 incendios forestales en la actual temporada"},"content":{"rendered":"\n<p><strong>Sam Ojeda\u00a0\/ NV Noticias<\/strong><\/p>\n\n\n\n<p>Xalapa.- El estado de Veracruz suma 102 incendios forestales en lo que va de este a\u00f1o, inform\u00f3 el Comit\u00e9 de Meteorolog\u00eda de la Secretar\u00eda de Protecci\u00f3n Civil.&nbsp;<\/p>\n\n\n\n<p>Con datos de la Comisi\u00f3n Nacional Forestal (Conafor) se dio a conocer que con esta cifra el estado de Veracruz es el quinto lugar a nivel nacional en cuanto a n\u00famero de incendios.&nbsp;<\/p>\n\n\n\n<p>En primer lugar se ubica la Ciudad de M\u00e9xico con 380, le sigue el Estado de M\u00e9xico con 372, Jalisco con 296 y Puebla con 187.<\/p>\n\n\n\n<p>Por ello, las autoridades pidieron a los visitantes y poblaci\u00f3n en general evitar el encendido de fogatas o uso de fuego sin una vigilancia adecuada pues puede generar mayores incendios.&nbsp;<\/p>\n\n\n\n<blockquote class=\"wp-block-quote is-layout-flow wp-block-quote-is-layout-flow\"><p>\u201c<em>La recomendaci\u00f3n sigue siendo, sobre todo en esta temporada de vacaciones de Semana Santa, si van a salir no tirar las colillas de cigarrillos en las carreteras, si van a un bosque o la playa, si van a hacer fogatas, asegurarse de apagarlas\u201d<\/em>.\u00a0<\/p><\/blockquote>\n\n\n\n<p>Y es que tan solo de la semana del 17 al 23 de marzo Veracruz report\u00f3 12 incendios forestales.<\/p>\n\n\n\n<p>Luego, del 24 al 30 de marzo, se atendieron doce siniestros m\u00e1s, para acumular 102 eventos en los primeros tres meses de 2023.<\/p>\n","protected":false},"excerpt":{"rendered":"<p>Sam Ojeda\u00a0\/ NV Noticias Xalapa.- El estado de Veracruz suma 102 incendios forestales en lo que va de este a\u00f1o, inform\u00f3 el Comit\u00e9 de Meteorolog\u00eda de la Secretar\u00eda de Protecci\u00f3n Civil.&nbsp; Con datos de la Comisi\u00f3n Nacional Forestal (Conafor) se dio a conocer que con esta cifra el estado de Veracruz es el quinto lugar [&hellip;]<\/p>\n","protected":false},"author":8,"featured_media":48019,"comment_status":"open","ping_status":"open","sticky":false,"template":"","format":"standard","meta":{"_monsterinsights_skip_tracking":false,"_monsterinsights_sitenote_active":false,"_monsterinsights_sitenote_note":"","_monsterinsights_sitenote_category":0,"footnotes":""},"categories":[156],"tags":[2256,180],"class_list":["post-101953","post","type-post","status-publish","format-standard","has-post-thumbnail","hentry","category-estado","tag-incendios-forestales","tag-veracruz","wp-image-borders"],"amp_enabled":true,"_links":{"self":[{"href":"https:\/\/nvnoticias.mx\/index.php\/wp-json\/wp\/v2\/posts\/101953","targetHints":{"allow":["GET"]}}],"collection":[{"href":"https:\/\/nvnoticias.mx\/index.php\/wp-json\/wp\/v2\/posts"}],"about":[{"href":"https:\/\/nvnoticias.mx\/index.php\/wp-json\/wp\/v2\/types\/post"}],"author":[{"embeddable":true,"href":"https:\/\/nvnoticias.mx\/index.php\/wp-json\/wp\/v2\/users\/8"}],"replies":[{"embeddable":true,"href":"https:\/\/nvnoticias.mx\/index.php\/wp-json\/wp\/v2\/comments?post=101953"}],"version-history":[{"count":1,"href":"https:\/\/nvnoticias.mx\/index.php\/wp-json\/wp\/v2\/posts\/101953\/revisions"}],"predecessor-version":[{"id":101954,"href":"https:\/\/nvnoticias.mx\/index.php\/wp-json\/wp\/v2\/posts\/101953\/revisions\/101954"}],"wp:featuredmedia":[{"embeddable":true,"href":"https:\/\/nvnoticias.mx\/index.php\/wp-json\/wp\/v2\/media\/48019"}],"wp:attachment":[{"href":"https:\/\/nvnoticias.mx\/index.php\/wp-json\/wp\/v2\/media?parent=101953"}],"wp:term":[{"taxonomy":"category","embeddable":true,"href":"https:\/\/nvnoticias.mx\/index.php\/wp-json\/wp\/v2\/categories?post=101953"},{"taxonomy":"post_tag","embeddable":true,"href":"https:\/\/nvnoticias.mx\/index.php\/wp-json\/wp\/v2\/tags?post=101953"}],"curies":[{"name":"wp","href":"https:\/\/api.w.org\/{rel}","templated":true}]}}