{"id":101761,"date":"2023-04-04T11:17:45","date_gmt":"2023-04-04T16:17:45","guid":{"rendered":"https:\/\/nvnoticias.mx\/?p=101761"},"modified":"2023-04-04T11:17:47","modified_gmt":"2023-04-04T16:17:47","slug":"debera-tesla-pagar-3-2-mdd-por-discriminacion-racial","status":"publish","type":"post","link":"https:\/\/nvnoticias.mx\/index.php\/2023\/04\/04\/debera-tesla-pagar-3-2-mdd-por-discriminacion-racial\/","title":{"rendered":"Deber\u00e1 Tesla pagar 3.2 mdd por discriminaci\u00f3n racial"},"content":{"rendered":"\n<p>Un tribunal estadunidense orden\u00f3 a\u00a0Tesla,\u00a0<strong>empresa automotriz de<\/strong>\u00a0Elon Musk, a indemnizar con\u00a0<strong>3.2 millones de d\u00f3lares\u00a0<\/strong>a un antiguo empleado por discriminaci\u00f3n racial tras sufrir repetidos abusos en la planta de montaje de veh\u00edculos que la compa\u00f1\u00eda tiene en\u00a0<strong>California<\/strong>, inform\u00f3 este martes la prensa local.<\/p>\n\n\n\n<p><strong>Owen Diaz<\/strong>, un trabajador negro que en\u00a0<strong>2015\u00a0<\/strong>fue contratado para trabajar en\u00a0<strong>Fremont\u00a0<\/strong>(California) a trav\u00e9s de una agencia de servicios, denunci\u00f3 que durante meses sufri\u00f3 insultos raciales en la planta y que\u00a0<strong>Tesla<\/strong>\u00a0no tom\u00f3 medidas para evitar el constante acoso que sufri\u00f3.<\/p>\n\n\n\n<p>Seg\u00fan declar\u00f3&nbsp;<strong>Diaz<\/strong>, durante el tiempo que trabaj\u00f3 en Fremont, \u00e9l y otros trabajadores negros fueron insultados de forma constante por algunos de sus colegas, quienes hicieron dibujos racistas en los lavabos de la planta.<\/p>\n\n\n\n<p>Por su parte, los abogados de Tesla acusaron a Diaz de mentir y exagerar.<\/p>\n\n\n\n<p>En 2021, un jurado inicialmente dictamin\u00f3 que&nbsp;<strong>Tesla&nbsp;<\/strong>deb\u00eda pagar a Diaz 137 millones de d\u00f3lares pero el juez del caso redujo la multa a 15 millones de d\u00f3lares por considerar que la cifra era excesiva.<\/p>\n\n\n\n<p>Tanto Diaz como Tesla recurrieron la decisi\u00f3n del juez William Orrick y ayer un tribunal de<strong>&nbsp;San Francisco<\/strong>&nbsp;redujo de nuevo la multa a 3.2 millones de d\u00f3lares.<\/p>\n\n\n\n<p>Medios de comunicaci\u00f3n estadunidenses se\u00f1alaron hoy que&nbsp;<strong>Tesla ha sido demandada m\u00e1s de 200 veces por empleados y ex trabajadores.<\/strong>&nbsp;La cifra no incluye los casos que no han pasado por los tribunales y han sido resueltos por arbitraje.<\/p>\n\n\n\n<p>En julio de 2022, 15 trabajadores y ex empleados negros de&nbsp;<strong>Tesla&nbsp;<\/strong>demandaron a la compa\u00f1\u00eda en&nbsp;<strong>California&nbsp;<\/strong>por discriminaci\u00f3n racial y acoso sexual.<\/p>\n\n\n\n<p>Una de la demandantes,&nbsp;<strong>Teri Mitchell<\/strong>, dijo que era acosada de forma habitual tanto por otros trabajadores como por sus jefes que, entre otras cosas, le dec\u00edan que &#8220;es raro que los negros trabajen aqu\u00ed&#8221; y &#8220;no s\u00e9 cu\u00e1nto tiempo vas a durar aqu\u00ed&#8221;.<\/p>\n\n\n\n<p>En 2021, al menos siete mujeres demandaron a Tesla tambi\u00e9n en California por fomentar una cultura de\u00a0acoso sexual\u00a0en la planta de Fremont.\u00a0\u00a0<\/p>\n\n\n\n<p>Fuente: <a href=\"https:\/\/www.milenio.com\/negocios\/tesla-debera-pagar-indemnizacion-millonaria-discriminacion-racial\" data-type=\"URL\" data-id=\"https:\/\/www.milenio.com\/negocios\/tesla-debera-pagar-indemnizacion-millonaria-discriminacion-racial\">Milenio<\/a> <\/p>\n","protected":false},"excerpt":{"rendered":"<p>Un tribunal estadunidense orden\u00f3 a\u00a0Tesla,\u00a0empresa automotriz de\u00a0Elon Musk, a indemnizar con\u00a03.2 millones de d\u00f3lares\u00a0a un antiguo empleado por discriminaci\u00f3n racial tras sufrir repetidos abusos en la planta de montaje de veh\u00edculos que la compa\u00f1\u00eda tiene en\u00a0California, inform\u00f3 este martes la prensa local. Owen Diaz, un trabajador negro que en\u00a02015\u00a0fue contratado para trabajar en\u00a0Fremont\u00a0(California) a trav\u00e9s [&hellip;]<\/p>\n","protected":false},"author":35,"featured_media":95776,"comment_status":"open","ping_status":"open","sticky":false,"template":"","format":"standard","meta":{"_monsterinsights_skip_tracking":false,"_monsterinsights_sitenote_active":false,"_monsterinsights_sitenote_note":"","_monsterinsights_sitenote_category":0,"footnotes":""},"categories":[181],"tags":[13854,24353,9712,280],"class_list":["post-101761","post","type-post","status-publish","format-standard","has-post-thumbnail","hentry","category-internacional","tag-debera-2","tag-discriminacion-racial","tag-pagar","tag-tesla","wp-image-borders"],"amp_enabled":true,"_links":{"self":[{"href":"https:\/\/nvnoticias.mx\/index.php\/wp-json\/wp\/v2\/posts\/101761","targetHints":{"allow":["GET"]}}],"collection":[{"href":"https:\/\/nvnoticias.mx\/index.php\/wp-json\/wp\/v2\/posts"}],"about":[{"href":"https:\/\/nvnoticias.mx\/index.php\/wp-json\/wp\/v2\/types\/post"}],"author":[{"embeddable":true,"href":"https:\/\/nvnoticias.mx\/index.php\/wp-json\/wp\/v2\/users\/35"}],"replies":[{"embeddable":true,"href":"https:\/\/nvnoticias.mx\/index.php\/wp-json\/wp\/v2\/comments?post=101761"}],"version-history":[{"count":3,"href":"https:\/\/nvnoticias.mx\/index.php\/wp-json\/wp\/v2\/posts\/101761\/revisions"}],"predecessor-version":[{"id":101764,"href":"https:\/\/nvnoticias.mx\/index.php\/wp-json\/wp\/v2\/posts\/101761\/revisions\/101764"}],"wp:featuredmedia":[{"embeddable":true,"href":"https:\/\/nvnoticias.mx\/index.php\/wp-json\/wp\/v2\/media\/95776"}],"wp:attachment":[{"href":"https:\/\/nvnoticias.mx\/index.php\/wp-json\/wp\/v2\/media?parent=101761"}],"wp:term":[{"taxonomy":"category","embeddable":true,"href":"https:\/\/nvnoticias.mx\/index.php\/wp-json\/wp\/v2\/categories?post=101761"},{"taxonomy":"post_tag","embeddable":true,"href":"https:\/\/nvnoticias.mx\/index.php\/wp-json\/wp\/v2\/tags?post=101761"}],"curies":[{"name":"wp","href":"https:\/\/api.w.org\/{rel}","templated":true}]}}