{"id":101714,"date":"2023-04-03T17:00:00","date_gmt":"2023-04-03T22:00:00","guid":{"rendered":"https:\/\/nvnoticias.mx\/?p=101714"},"modified":"2023-04-03T21:18:12","modified_gmt":"2023-04-04T02:18:12","slug":"trabajadores-del-haev-acusan-supuestas-contrataciones-con-altos-sueldos","status":"publish","type":"post","link":"https:\/\/nvnoticias.mx\/index.php\/2023\/04\/03\/trabajadores-del-haev-acusan-supuestas-contrataciones-con-altos-sueldos\/","title":{"rendered":"Trabajadores del HAEV acusan supuestas contrataciones con altos sueldos"},"content":{"rendered":"\n<p><strong>Jes\u00fas Utrilla \/ NV Noticias<\/strong><\/p>\n\n\n\n<p>Trabajadores del Hospital de Alta Especialidad de Veracruz (HAEV), denunciaron de manera an\u00f3nima a la supuesta por una contrataci\u00f3n masiva de personal. <\/p>\n\n\n\n<p>Dijeron que presuntamente ingresaron varias personas a diferentes \u00e1reas , engrosando as\u00ed la n\u00f3mina del hospital que carece de varios servicios e infraestructura. <\/p>\n\n\n\n<p>Los denunciantes dijeron que la contrataci\u00f3n de estas personas es con el fin de tenerlos como activos para las movilizaciones. <\/p>\n\n\n\n<blockquote class=\"wp-block-quote is-layout-flow wp-block-quote-is-layout-flow\"><p>\u201c<em>Sigue violentado los derechos de los trabajadores, est\u00e1 metiendo a trabajar a decenas de personas a diferentes \u00e1reas del hospital, camilleros, administrativos etc\u00e9tera , con la condici\u00f3n de que obviamente estas personas deben de apoyar todos los requerimientos con fines pol\u00edticos partidista<\/em>s\u201d.<\/p><\/blockquote>\n\n\n\n<p>Los denunciantes dijeron que los salarios autorizados son exorbitantes y fuera del ordenamiento financiero del nosocomio. <\/p>\n\n\n\n<blockquote class=\"wp-block-quote is-layout-flow wp-block-quote-is-layout-flow\"><p>\u201c<em>Los salarios est\u00e1n por arriba de muchos de nosotros que ya tenemos varios a\u00f1os trabajando aqu\u00ed en el hospital, est\u00e1n violentando nuestros derechos laborales y la econom\u00eda del hospital<\/em>\u201d.<\/p><\/blockquote>\n\n\n\n<p>Recordaron que en el Hospital de Alta Especialidad de Veracruz (HAEV), tiene m\u00faltiples necesidades y carencias, y adolece de infraestructura y reiteran que no es justo lo que se est\u00e1 haciendo con este saqueo econ\u00f3mico, poniendo en riesgo la atenci\u00f3n a la poblaci\u00f3n en general. <\/p>\n\n\n\n<p>Hicieron el llamado a las autoridades estatales para revisar esta situaci\u00f3n , temen quedarse sin trabajo, sin el sustento diario debido a tanta gente que est\u00e1 ingresando a trabajar.<\/p>\n","protected":false},"excerpt":{"rendered":"<p>Jes\u00fas Utrilla \/ NV Noticias Trabajadores del Hospital de Alta Especialidad de Veracruz (HAEV), denunciaron de manera an\u00f3nima a la supuesta por una contrataci\u00f3n masiva de personal. Dijeron que presuntamente ingresaron varias personas a diferentes \u00e1reas , engrosando as\u00ed la n\u00f3mina del hospital que carece de varios servicios e infraestructura. Los denunciantes dijeron que la [&hellip;]<\/p>\n","protected":false},"author":8,"featured_media":70426,"comment_status":"open","ping_status":"open","sticky":false,"template":"","format":"standard","meta":{"_monsterinsights_skip_tracking":false,"_monsterinsights_sitenote_active":false,"_monsterinsights_sitenote_note":"","_monsterinsights_sitenote_category":0,"footnotes":""},"categories":[154],"tags":[15893,162,941],"class_list":["post-101714","post","type-post","status-publish","format-standard","has-post-thumbnail","hentry","category-veracruz","tag-haev","tag-portada","tag-trabajadores","wp-image-borders"],"amp_enabled":true,"_links":{"self":[{"href":"https:\/\/nvnoticias.mx\/index.php\/wp-json\/wp\/v2\/posts\/101714","targetHints":{"allow":["GET"]}}],"collection":[{"href":"https:\/\/nvnoticias.mx\/index.php\/wp-json\/wp\/v2\/posts"}],"about":[{"href":"https:\/\/nvnoticias.mx\/index.php\/wp-json\/wp\/v2\/types\/post"}],"author":[{"embeddable":true,"href":"https:\/\/nvnoticias.mx\/index.php\/wp-json\/wp\/v2\/users\/8"}],"replies":[{"embeddable":true,"href":"https:\/\/nvnoticias.mx\/index.php\/wp-json\/wp\/v2\/comments?post=101714"}],"version-history":[{"count":1,"href":"https:\/\/nvnoticias.mx\/index.php\/wp-json\/wp\/v2\/posts\/101714\/revisions"}],"predecessor-version":[{"id":101715,"href":"https:\/\/nvnoticias.mx\/index.php\/wp-json\/wp\/v2\/posts\/101714\/revisions\/101715"}],"wp:featuredmedia":[{"embeddable":true,"href":"https:\/\/nvnoticias.mx\/index.php\/wp-json\/wp\/v2\/media\/70426"}],"wp:attachment":[{"href":"https:\/\/nvnoticias.mx\/index.php\/wp-json\/wp\/v2\/media?parent=101714"}],"wp:term":[{"taxonomy":"category","embeddable":true,"href":"https:\/\/nvnoticias.mx\/index.php\/wp-json\/wp\/v2\/categories?post=101714"},{"taxonomy":"post_tag","embeddable":true,"href":"https:\/\/nvnoticias.mx\/index.php\/wp-json\/wp\/v2\/tags?post=101714"}],"curies":[{"name":"wp","href":"https:\/\/api.w.org\/{rel}","templated":true}]}}