{"id":101675,"date":"2023-04-03T15:31:07","date_gmt":"2023-04-03T20:31:07","guid":{"rendered":"https:\/\/nvnoticias.mx\/?p=101675"},"modified":"2023-04-03T15:31:09","modified_gmt":"2023-04-03T20:31:09","slug":"rinde-guadalupe-taddei-protesta-como-nueva-consejera-presidenta-del-ine","status":"publish","type":"post","link":"https:\/\/nvnoticias.mx\/index.php\/2023\/04\/03\/rinde-guadalupe-taddei-protesta-como-nueva-consejera-presidenta-del-ine\/","title":{"rendered":"Rinde Guadalupe Taddei protesta como nueva consejera presidenta del INE"},"content":{"rendered":"\n<p>Guadalupe Taddei Zavala se tom\u00f3 protesta a s\u00ed misma&nbsp;como la nueva presidenta del Instituto Nacional Electoral (INE),&nbsp;tal como lo indica la Constituci\u00f3n y tom\u00f3 protesta a las tres nuevas consejer\u00edas.<\/p>\n\n\n\n<p>Lorenzo C\u00f3rdova los acompa\u00f1\u00f3 hasta la entrada del sal\u00f3n y le dese\u00f3 suerte, sin ingresar al pleno. Al cuestionarle el porqu\u00e9 no entraba al pleno, sostuvo que porque \u201cel Consejo General se integra de once\u201d.<\/p>\n\n\n\n<p>Sin embargo, hay 12 consejer\u00edas en la mesa, pues la consejera saliente Adriana Favela fue la \u00fanica que decidi\u00f3 seguir ocupando su silla.<\/p>\n\n\n\n<p>Y Edmundo Jacobo dirige la sesi\u00f3n del pleno en su \u00faltimo d\u00eda como secretario Ejecutivo del instituto.<\/p>\n\n\n\n<blockquote class=\"wp-block-quote is-layout-flow wp-block-quote-is-layout-flow\"><p>\u201cEstoy convencida que con el actuar cotidiano den su desempe\u00f1o habremos de contribuir al incremento de la vida democr\u00e1tica del pa\u00eds y a la calidad de la misma en nuestro pa\u00eds\u201d.<br>En la llamada &#8220;herradura de la democracia&#8221;, Rita Bell L\u00f3pez estar\u00e1 en la silla de Ciro Murayama, Arturo Castillo Loza en el de Adriana Favela junto a la presidencia y Jorge Monta\u00f1o en el de Jos\u00e9 Roberto Ruiz.<\/p><\/blockquote>\n\n\n\n<p>En un sal\u00f3n lleno como muy pocas veces, las nuevas consejer\u00edas rindieron protesta acompa\u00f1adas las presidencias de todos los Organismos P\u00fablicos Locales Electorales y las Juntas Locales y Distritales que el llamado \u2018Plan B\u2019 planeaba despedir, as\u00ed como representantes de todos los partidos pol\u00edticos.<\/p>\n\n\n\n<p>Fuente: <a href=\"https:\/\/www.milenio.com\/politica\/guadalupe-taddei-toma-protesta-presidenta-ine\" data-type=\"URL\" data-id=\"https:\/\/www.milenio.com\/politica\/guadalupe-taddei-toma-protesta-presidenta-ine\">Milenio<\/a><br><\/p>\n","protected":false},"excerpt":{"rendered":"<p>Guadalupe Taddei Zavala se tom\u00f3 protesta a s\u00ed misma&nbsp;como la nueva presidenta del Instituto Nacional Electoral (INE),&nbsp;tal como lo indica la Constituci\u00f3n y tom\u00f3 protesta a las tres nuevas consejer\u00edas. Lorenzo C\u00f3rdova los acompa\u00f1\u00f3 hasta la entrada del sal\u00f3n y le dese\u00f3 suerte, sin ingresar al pleno. Al cuestionarle el porqu\u00e9 no entraba al pleno, [&hellip;]<\/p>\n","protected":false},"author":35,"featured_media":101676,"comment_status":"open","ping_status":"open","sticky":false,"template":"","format":"standard","meta":{"_monsterinsights_skip_tracking":false,"_monsterinsights_sitenote_active":false,"_monsterinsights_sitenote_note":"","_monsterinsights_sitenote_category":0,"footnotes":""},"categories":[158],"tags":[24281,443,7730,8984,3492,8947],"class_list":["post-101675","post","type-post","status-publish","format-standard","has-post-thumbnail","hentry","category-politica","tag-guadalupe-taddei","tag-ine","tag-nueva","tag-presidenta","tag-protesta","tag-rinde","wp-image-borders"],"amp_enabled":true,"_links":{"self":[{"href":"https:\/\/nvnoticias.mx\/index.php\/wp-json\/wp\/v2\/posts\/101675","targetHints":{"allow":["GET"]}}],"collection":[{"href":"https:\/\/nvnoticias.mx\/index.php\/wp-json\/wp\/v2\/posts"}],"about":[{"href":"https:\/\/nvnoticias.mx\/index.php\/wp-json\/wp\/v2\/types\/post"}],"author":[{"embeddable":true,"href":"https:\/\/nvnoticias.mx\/index.php\/wp-json\/wp\/v2\/users\/35"}],"replies":[{"embeddable":true,"href":"https:\/\/nvnoticias.mx\/index.php\/wp-json\/wp\/v2\/comments?post=101675"}],"version-history":[{"count":1,"href":"https:\/\/nvnoticias.mx\/index.php\/wp-json\/wp\/v2\/posts\/101675\/revisions"}],"predecessor-version":[{"id":101677,"href":"https:\/\/nvnoticias.mx\/index.php\/wp-json\/wp\/v2\/posts\/101675\/revisions\/101677"}],"wp:featuredmedia":[{"embeddable":true,"href":"https:\/\/nvnoticias.mx\/index.php\/wp-json\/wp\/v2\/media\/101676"}],"wp:attachment":[{"href":"https:\/\/nvnoticias.mx\/index.php\/wp-json\/wp\/v2\/media?parent=101675"}],"wp:term":[{"taxonomy":"category","embeddable":true,"href":"https:\/\/nvnoticias.mx\/index.php\/wp-json\/wp\/v2\/categories?post=101675"},{"taxonomy":"post_tag","embeddable":true,"href":"https:\/\/nvnoticias.mx\/index.php\/wp-json\/wp\/v2\/tags?post=101675"}],"curies":[{"name":"wp","href":"https:\/\/api.w.org\/{rel}","templated":true}]}}