{"id":101671,"date":"2023-04-03T14:30:50","date_gmt":"2023-04-03T19:30:50","guid":{"rendered":"https:\/\/nvnoticias.mx\/?p=101671"},"modified":"2023-04-03T14:30:50","modified_gmt":"2023-04-03T19:30:50","slug":"en-semana-santa-no-habra-operativos-contra-autos-que-no-canjearon-placas","status":"publish","type":"post","link":"https:\/\/nvnoticias.mx\/index.php\/2023\/04\/03\/en-semana-santa-no-habra-operativos-contra-autos-que-no-canjearon-placas\/","title":{"rendered":"En Semana Santa no habr\u00e1 operativos contra autos que no canjearon placas"},"content":{"rendered":"\n<p><strong>Sam Ojeda \/ NV Noticias<\/strong><\/p>\n\n\n\n<p>Xalapa.- El gobernador de Veracruz, Cuitl\u00e1huac Garc\u00eda Jim\u00e9nez, confirm\u00f3 que durante el periodo de asueto de Semana Santa no se realizar\u00e1n operativos para sancionar a las unidades vehiculares que no cumplieron con el canje de placas.<\/p>\n\n\n\n<blockquote class=\"wp-block-quote is-layout-flow wp-block-quote-is-layout-flow\"><p>\u201c<em>Hablando con el director de Hacienda dijimos que en estas dos semanas de asueto aguantemos estos operativos. La gente est\u00e1 de asueto y lo ,peor es esperarnos a que pasen estos 15 d\u00edas<\/em>\u201d, dijo el Gobernador.\u00a0<\/p><\/blockquote>\n\n\n\n<p>Los operativos se iniciar\u00edan el 1 de abril pero que dado el periodo vacacional se extender\u00e1 el periodo de gracia para quienes no cumplieron con el canje de sus placas tal como estaba previsto.&nbsp;<\/p>\n\n\n\n<p>En otro tema, dijo que su gobierno regresar\u00e1 12 millones de pesos al Gobierno federal y que se trata de \u201cahorros\u201d derivados de litigios de obras que no se hicieron como se se\u00f1al\u00f3 en contratos o que se realizaron con menos de los presupuestado.&nbsp;<\/p>\n\n\n\n<blockquote class=\"wp-block-quote is-layout-flow wp-block-quote-is-layout-flow\"><p>\u201c<em>Cumplimos con el ejercicio total del presupuesto, todo y llegamos a tener ahorros porque lo que se consideraba como un presupuesto para una obra sali\u00f3 m\u00e1s econ\u00f3mica, hubo litigios porque hay empresas que no cumplieron del todo y se les sancionan y reiteran una parte\u201d.<\/em><\/p><\/blockquote>\n\n\n\n<p>Garc\u00eda Jim\u00e9nez dijo que esto corresponde a un 0.5 por ciento del total de los 2 mil 684\u00a0 millones de pesos que se ejercieron durante el 2022. \u00a0<\/p>\n\n\n\n<blockquote class=\"wp-block-quote is-layout-flow wp-block-quote-is-layout-flow\"><p>\u201c<em>En total se comprometi\u00f3 todo y los ahorros son alrededor del 0.5 por ciento y eso antes se lo robaban y nosotros lo reintegramos, tenemos que ser honestos en eso. Esto equivale de 2 mil 684 millones solo a 12 millones de pesos<\/em>\u201d.<\/p><\/blockquote>\n","protected":false},"excerpt":{"rendered":"<p>Sam Ojeda \/ NV Noticias Xalapa.- El gobernador de Veracruz, Cuitl\u00e1huac Garc\u00eda Jim\u00e9nez, confirm\u00f3 que durante el periodo de asueto de Semana Santa no se realizar\u00e1n operativos para sancionar a las unidades vehiculares que no cumplieron con el canje de placas. \u201cHablando con el director de Hacienda dijimos que en estas dos semanas de asueto [&hellip;]<\/p>\n","protected":false},"author":8,"featured_media":48463,"comment_status":"open","ping_status":"open","sticky":false,"template":"","format":"standard","meta":{"_monsterinsights_skip_tracking":false,"_monsterinsights_sitenote_active":false,"_monsterinsights_sitenote_note":"","_monsterinsights_sitenote_category":0,"footnotes":""},"categories":[156],"tags":[4399,14555,5711,1474],"class_list":["post-101671","post","type-post","status-publish","format-standard","has-post-thumbnail","hentry","category-estado","tag-autos","tag-canje-de-placas","tag-operativos","tag-semana-santa","wp-image-borders"],"amp_enabled":true,"_links":{"self":[{"href":"https:\/\/nvnoticias.mx\/index.php\/wp-json\/wp\/v2\/posts\/101671","targetHints":{"allow":["GET"]}}],"collection":[{"href":"https:\/\/nvnoticias.mx\/index.php\/wp-json\/wp\/v2\/posts"}],"about":[{"href":"https:\/\/nvnoticias.mx\/index.php\/wp-json\/wp\/v2\/types\/post"}],"author":[{"embeddable":true,"href":"https:\/\/nvnoticias.mx\/index.php\/wp-json\/wp\/v2\/users\/8"}],"replies":[{"embeddable":true,"href":"https:\/\/nvnoticias.mx\/index.php\/wp-json\/wp\/v2\/comments?post=101671"}],"version-history":[{"count":1,"href":"https:\/\/nvnoticias.mx\/index.php\/wp-json\/wp\/v2\/posts\/101671\/revisions"}],"predecessor-version":[{"id":101672,"href":"https:\/\/nvnoticias.mx\/index.php\/wp-json\/wp\/v2\/posts\/101671\/revisions\/101672"}],"wp:featuredmedia":[{"embeddable":true,"href":"https:\/\/nvnoticias.mx\/index.php\/wp-json\/wp\/v2\/media\/48463"}],"wp:attachment":[{"href":"https:\/\/nvnoticias.mx\/index.php\/wp-json\/wp\/v2\/media?parent=101671"}],"wp:term":[{"taxonomy":"category","embeddable":true,"href":"https:\/\/nvnoticias.mx\/index.php\/wp-json\/wp\/v2\/categories?post=101671"},{"taxonomy":"post_tag","embeddable":true,"href":"https:\/\/nvnoticias.mx\/index.php\/wp-json\/wp\/v2\/tags?post=101671"}],"curies":[{"name":"wp","href":"https:\/\/api.w.org\/{rel}","templated":true}]}}