{"id":101662,"date":"2023-04-03T13:47:06","date_gmt":"2023-04-03T18:47:06","guid":{"rendered":"https:\/\/nvnoticias.mx\/?p=101662"},"modified":"2023-04-03T13:49:42","modified_gmt":"2023-04-03T18:49:42","slug":"nombra-nasa-a-la-primera-mujer-y-el-primer-afroamericano-que-viajaran-a-la-luna","status":"publish","type":"post","link":"https:\/\/nvnoticias.mx\/index.php\/2023\/04\/03\/nombra-nasa-a-la-primera-mujer-y-el-primer-afroamericano-que-viajaran-a-la-luna\/","title":{"rendered":"Nombra NASA a la primera mujer y el primer afroamericano que viajar\u00e1n a la Luna"},"content":{"rendered":"\n<p><strong>La\u00a0NASA\u00a0nombr\u00f3 el lunes a la primera mujer y el primer afroamericano asignados<\/strong>\u00a0<strong>como astronautas a una misi\u00f3n lunar,<\/strong>\u00a0present\u00e1ndolos como parte del equipo de cuatro miembros elegidos para volar el pr\u00f3ximo a\u00f1o en el que ser\u00eda\u00a0<strong>el primer viaje tripulado alrededor de la Luna en m\u00e1s de 50 a\u00f1os.<\/strong><\/p>\n\n\n\n<p><strong>Christina Koch<\/strong>, una ingeniera que ya ostenta el r\u00e9cord del vuelo espacial m\u00e1s largo realizado por una mujer, fue nombrada especialista de la misi\u00f3n, junto con&nbsp;<strong>Victor Glover<\/strong>, aviador de la Marina estadounidense, que fue seleccionado como piloto del Artemis II.<\/p>\n\n\n\n<p>Glover, que form\u00f3 parte del segundo vuelo tripulado de una c\u00e1psula\u00a0<em><strong>Crew Dragon<\/strong><\/em>\u00a0de\u00a0<strong>SpaceX<\/strong>,\u00a0<strong>se convertir\u00eda en el primer astronauta negro en ser enviado a una misi\u00f3n lunar.<\/strong><\/p>\n\n\n\n<p>Completan la tripulaci\u00f3n de cuatro miembros\u00a0<strong>Jeremy Hansen<\/strong>, el primer canadiense elegido para un vuelo a la Luna, como especialista de la misi\u00f3n, y<strong>\u00a0Reid Wiseman<\/strong>, veterano de la Estaci\u00f3n Espacial Internacional, nombrado comandante de la misi\u00f3n Artemis II.<\/p>\n\n\n\n<p>El cuarteto para&nbsp;<em><strong>Artemis II<\/strong><\/em>&nbsp;fue presentado en una conferencia de prensa televisada en Houston, en el Centro Espacial Johnson, base de control de la misi\u00f3n de la NASA.<\/p>\n\n\n\n<p><em><strong>Artemis II<\/strong><\/em>\u00a0supondr\u00e1 el primer vuelo tripulado -pero no el primer alunizaje- de un programa sucesor de Apolo cuyo objetivo es devolver a los astronautas a la superficie lunar a finales de esta d\u00e9cada y, en \u00faltima instancia, establecer all\u00ed un puesto de avanzada sostenible,<strong>\u00a0creando un pelda\u00f1o para la futura exploraci\u00f3n humana de Marte.<\/strong><\/p>\n\n\n\n<p>Fuente: <a href=\"https:\/\/www.milenio.com\/ciencia-y-salud\/nasa-enviara-mujer-hombre-negro-luna\" data-type=\"URL\" data-id=\"https:\/\/www.milenio.com\/ciencia-y-salud\/nasa-enviara-mujer-hombre-negro-luna\">Milenio<\/a><\/p>\n","protected":false},"excerpt":{"rendered":"<p>La\u00a0NASA\u00a0nombr\u00f3 el lunes a la primera mujer y el primer afroamericano asignados\u00a0como astronautas a una misi\u00f3n lunar,\u00a0present\u00e1ndolos como parte del equipo de cuatro miembros elegidos para volar el pr\u00f3ximo a\u00f1o en el que ser\u00eda\u00a0el primer viaje tripulado alrededor de la Luna en m\u00e1s de 50 a\u00f1os. Christina Koch, una ingeniera que ya ostenta el r\u00e9cord [&hellip;]<\/p>\n","protected":false},"author":35,"featured_media":101666,"comment_status":"open","ping_status":"open","sticky":false,"template":"","format":"standard","meta":{"_monsterinsights_skip_tracking":false,"_monsterinsights_sitenote_active":false,"_monsterinsights_sitenote_note":"","_monsterinsights_sitenote_category":0,"footnotes":""},"categories":[181],"tags":[10506,1951,204,1518,8990],"class_list":["post-101662","post","type-post","status-publish","format-standard","has-post-thumbnail","hentry","category-internacional","tag-afroamericano","tag-luna","tag-mujer","tag-nasa","tag-viajaran","wp-image-borders"],"amp_enabled":true,"_links":{"self":[{"href":"https:\/\/nvnoticias.mx\/index.php\/wp-json\/wp\/v2\/posts\/101662","targetHints":{"allow":["GET"]}}],"collection":[{"href":"https:\/\/nvnoticias.mx\/index.php\/wp-json\/wp\/v2\/posts"}],"about":[{"href":"https:\/\/nvnoticias.mx\/index.php\/wp-json\/wp\/v2\/types\/post"}],"author":[{"embeddable":true,"href":"https:\/\/nvnoticias.mx\/index.php\/wp-json\/wp\/v2\/users\/35"}],"replies":[{"embeddable":true,"href":"https:\/\/nvnoticias.mx\/index.php\/wp-json\/wp\/v2\/comments?post=101662"}],"version-history":[{"count":1,"href":"https:\/\/nvnoticias.mx\/index.php\/wp-json\/wp\/v2\/posts\/101662\/revisions"}],"predecessor-version":[{"id":101665,"href":"https:\/\/nvnoticias.mx\/index.php\/wp-json\/wp\/v2\/posts\/101662\/revisions\/101665"}],"wp:featuredmedia":[{"embeddable":true,"href":"https:\/\/nvnoticias.mx\/index.php\/wp-json\/wp\/v2\/media\/101666"}],"wp:attachment":[{"href":"https:\/\/nvnoticias.mx\/index.php\/wp-json\/wp\/v2\/media?parent=101662"}],"wp:term":[{"taxonomy":"category","embeddable":true,"href":"https:\/\/nvnoticias.mx\/index.php\/wp-json\/wp\/v2\/categories?post=101662"},{"taxonomy":"post_tag","embeddable":true,"href":"https:\/\/nvnoticias.mx\/index.php\/wp-json\/wp\/v2\/tags?post=101662"}],"curies":[{"name":"wp","href":"https:\/\/api.w.org\/{rel}","templated":true}]}}