{"id":101649,"date":"2023-04-03T13:29:34","date_gmt":"2023-04-03T18:29:34","guid":{"rendered":"https:\/\/nvnoticias.mx\/?p=101649"},"modified":"2023-04-03T13:32:16","modified_gmt":"2023-04-03T18:32:16","slug":"vecinos-del-fraccionamiento-reforma-piden-regulacion-de-los-centros-nocturnos","status":"publish","type":"post","link":"https:\/\/nvnoticias.mx\/index.php\/2023\/04\/03\/vecinos-del-fraccionamiento-reforma-piden-regulacion-de-los-centros-nocturnos\/","title":{"rendered":"Vecinos del Fraccionamiento Reforma piden regulaci\u00f3n de los centros nocturnos"},"content":{"rendered":"\n<p class=\"wp-block-paragraph\"><strong>Jes\u00fas Utrilla \/ NV Noticias<\/strong><\/p>\n\n\n\n<p class=\"wp-block-paragraph\">Vecinos del Fraccionamiento Reforma pidieron a las autoridades regular la apertura de los centros nocturnos ya que desde las 5 de la tarde comienza el ruido en algunos establecimientos. <\/p>\n\n\n\n<p class=\"wp-block-paragraph\">Elba Eugenia Hern\u00e1ndez Campos, vecina del lugar, dijo que cuando compraron era un lugar tranquilo y el proyecto era establecer cafeter\u00edas no bares.<\/p>\n\n\n\n<blockquote class=\"wp-block-quote is-layout-flow wp-block-quote-is-layout-flow\"><p>\u201c<em>Ahora hay una gran cantidad de motos y cola para entrar a ese bar y no sabemos lo que hay ah\u00ed pero lo que importa es que hay mucho ruido y tenemos gente mayor en este fraccionamiento y ya no hay respeto. Hay gente que viene pero hay que respetar porque es zona residencial\u201d.<\/em><\/p><\/blockquote>\n\n\n\n<p class=\"wp-block-paragraph\">Se\u00f1al\u00f3 que en la calle Washington est\u00e1n abriendo antros y aunque les han solicitado tener ciertos decibeles no les permiten descansar.<\/p>\n\n\n\n<blockquote class=\"wp-block-quote is-layout-flow wp-block-quote-is-layout-flow\"><p>\u201c<em>Les hemos pedido que le bajen y que el domingo a las 11 de la ma\u00f1ana no nos pongan m\u00fasica. Hay ni\u00f1os, hay beb\u00e9s y no les importa. Incluso ponen travestis a hacer show en la calle. Adem\u00e1s buscan donde estacionarse y si hay carros en la banqueta se hacen pip\u00ed<\/em>\u201d.<\/p><\/blockquote>\n\n\n\n<p class=\"wp-block-paragraph\">Agregaron que las cafeter\u00edas si operan bien pero se necesita regular a los centros nocturnos y bares.<\/p>\n","protected":false},"excerpt":{"rendered":"<p>Jes\u00fas Utrilla \/ NV Noticias Vecinos del Fraccionamiento Reforma pidieron a las autoridades regular la apertura de los centros nocturnos ya que desde las 5 de la tarde comienza el ruido en algunos establecimientos. Elba Eugenia Hern\u00e1ndez Campos, vecina del lugar, dijo que cuando compraron era un lugar tranquilo y el proyecto era establecer cafeter\u00edas [&hellip;]<\/p>\n","protected":false},"author":8,"featured_media":101651,"comment_status":"open","ping_status":"open","sticky":false,"template":"","format":"standard","meta":{"_monsterinsights_skip_tracking":false,"footnotes":""},"categories":[154],"tags":[6428,1827,180],"class_list":["post-101649","post","type-post","status-publish","format-standard","has-post-thumbnail","hentry","category-veracruz","tag-fraccionamiento-reforma","tag-vecinos","tag-veracruz","wp-image-borders"],"amp_enabled":true,"_links":{"self":[{"href":"https:\/\/nvnoticias.mx\/index.php\/wp-json\/wp\/v2\/posts\/101649","targetHints":{"allow":["GET"]}}],"collection":[{"href":"https:\/\/nvnoticias.mx\/index.php\/wp-json\/wp\/v2\/posts"}],"about":[{"href":"https:\/\/nvnoticias.mx\/index.php\/wp-json\/wp\/v2\/types\/post"}],"author":[{"embeddable":true,"href":"https:\/\/nvnoticias.mx\/index.php\/wp-json\/wp\/v2\/users\/8"}],"replies":[{"embeddable":true,"href":"https:\/\/nvnoticias.mx\/index.php\/wp-json\/wp\/v2\/comments?post=101649"}],"version-history":[{"count":2,"href":"https:\/\/nvnoticias.mx\/index.php\/wp-json\/wp\/v2\/posts\/101649\/revisions"}],"predecessor-version":[{"id":101655,"href":"https:\/\/nvnoticias.mx\/index.php\/wp-json\/wp\/v2\/posts\/101649\/revisions\/101655"}],"wp:featuredmedia":[{"embeddable":true,"href":"https:\/\/nvnoticias.mx\/index.php\/wp-json\/wp\/v2\/media\/101651"}],"wp:attachment":[{"href":"https:\/\/nvnoticias.mx\/index.php\/wp-json\/wp\/v2\/media?parent=101649"}],"wp:term":[{"taxonomy":"category","embeddable":true,"href":"https:\/\/nvnoticias.mx\/index.php\/wp-json\/wp\/v2\/categories?post=101649"},{"taxonomy":"post_tag","embeddable":true,"href":"https:\/\/nvnoticias.mx\/index.php\/wp-json\/wp\/v2\/tags?post=101649"}],"curies":[{"name":"wp","href":"https:\/\/api.w.org\/{rel}","templated":true}]}}