{"id":101593,"date":"2023-04-03T08:19:04","date_gmt":"2023-04-03T13:19:04","guid":{"rendered":"https:\/\/nvnoticias.mx\/?p=101593"},"modified":"2023-04-03T08:19:04","modified_gmt":"2023-04-03T13:19:04","slug":"mexico-en-deuda-con-los-derechos-humanos-de-los-migrantes","status":"publish","type":"post","link":"https:\/\/nvnoticias.mx\/index.php\/2023\/04\/03\/mexico-en-deuda-con-los-derechos-humanos-de-los-migrantes\/","title":{"rendered":"M\u00e9xico en deuda con los derechos humanos de los migrantes"},"content":{"rendered":"\n<p><strong>Gladys de L. P\u00e9rez Maldonado<\/strong><\/p>\n\n\n\n<p>En los \u00faltimos a\u00f1os se ha vuelto normal hablar de \u201cmigraci\u00f3n\u201d, de los \u201cmigrantes\u201d, del problema socioecon\u00f3mico que genera el flujo migratorio en nuestro territorio, los medios de comunicaci\u00f3n frecuentemente toman nota de este fen\u00f3meno mundial.<\/p>\n\n\n\n<p>No es un tema que sea extra\u00f1o, pues muchas personas de nosotras tenemos alg\u00fan familiar o amistad que eligi\u00f3 migrar a los Estados Unidos de Norteam\u00e9rica intentando una mejor calidad de vida, en busca del \u201csue\u00f1o americano\u201d, algunas lo han logrado, otras han muerto en el intento o han sido repatriadas a M\u00e9xico por su condici\u00f3n migratoria irregular en aquel pa\u00eds.<\/p>\n\n\n\n<p>Lo cierto es que las migraciones humanas son un fen\u00f3meno constante a lo largo de la historia de la humanidad. Los movimientos migratorios han ido dando forma a las sociedades en las que vivimos, todas han sido y son, en alg\u00fan momento de la historia, sociedades emisoras o sociedades receptoras de migrantes.<\/p>\n\n\n\n<p>Las migraciones se pueden clasificar en dos tipos, las migraciones forzosas que son las que se realizan involuntariamente, por causas pol\u00edticas, como resultado de una guerra, huyendo del exterminio o de la persecuci\u00f3n en su pa\u00eds o provocada por cat\u00e1strofes naturales, como terremotos, inundaciones, sequ\u00edas, entre otras; y, las migraciones voluntarias, que son libres o espont\u00e1neas que se producen por iniciativa personal, generalmente para lograr una mejor calidad de vida.<\/p>\n\n\n\n<p>M\u00e1s all\u00e1 de las regulaciones formales de M\u00e9xico en torno a la gesti\u00f3n y el control migratorio, su implementaci\u00f3n debe tener como principio b\u00e1sico respetar la dignidad humana y asegurar el goce pleno de los derechos humanos fundamentales de las persona extranjeras que se encuentren en calidad migratoria irregular dentro del territorio mexicano.<\/p>\n\n\n\n<p>En nuestro pa\u00eds, la \u201cprivaci\u00f3n de la libertad\u201d en estaciones migratorias o en lugares habilitados para ello, se regul\u00f3 detalladamente en la Ley de Migraci\u00f3n (LM) de 2011, donde en el primer p\u00e1rrafo del art\u00edculo 99 se establece que: \u201cLa presentaci\u00f3n de extranjeros es la medida dictada por el Instituto mediante la cual se acuerda el alojamiento temporal de un extranjero adulto que no acredita su situaci\u00f3n migratoria para la regularizaci\u00f3n de su estancia o la asistencia para el retorno.\u201d.<\/p>\n\n\n\n<p>No obstante estas regulaciones, la Constituci\u00f3n General de la Rep\u00fablica, en el art\u00edculo 16, pone l\u00edmites claros a la pr\u00e1ctica de la detenci\u00f3n pues declara que solo la comisi\u00f3n de un delito justifica la privaci\u00f3n de la libertad.<br>Sin embargo, la privaci\u00f3n de la libertad por encontrarse en una situaci\u00f3n migratoria irregular en M\u00e9xico, si se ejecuta para las personas extranjeras que no cuentan con una estancia legal en el pa\u00eds. De acuerdo con la Coalici\u00f3n Internacional contra la Detenci\u00f3n (IDC, por sus siglas en ingl\u00e9s) \u201cla detenci\u00f3n migratoria de manera primaria violenta el derecho humano a la libertad personal.\u201d.<\/p>\n\n\n\n<p>La Primera Sala de la Suprema Corte de Justicia de la Naci\u00f3n, al resolver el amparo en revisi\u00f3n 388\/2022, en sesi\u00f3n de 15 de marzo de 2023, determin\u00f3 que los periodos de quince y hasta sesenta d\u00edas h\u00e1biles de alojamiento de personas extranjeras en estaciones migratorias, previsto en el art\u00edculo 111 de la Ley de Migraci\u00f3n, son inconstitucionales a la luz del derecho a una tutela jurisdiccional efectiva, reconocido por la Constituci\u00f3n Federal y la Convenci\u00f3n Americana sobre Derechos Humanos, pues contravienen la temporalidad m\u00e1xima establecida por el art\u00edculo 21 de la Constituci\u00f3n General de la Rep\u00fablica para legitimar la privaci\u00f3n de la libertad de una persona por razones de naturaleza administrativa de treinta y seis horas.<\/p>\n\n\n\n<p>As\u00ed, el M\u00e1ximo Tribunal se\u00f1al\u00f3 que el plazo m\u00e1ximo de detenci\u00f3n y alojamiento en estaciones migratorias debe ser de treinta y seis horas, luego del cual, las personas en calidad migratoria irregular habr\u00e1n de continuar el proceso migratorio en libertad.<\/p>\n\n\n\n<p>Seg\u00fan datos dados a conocer por <a href=\"http:\/\/www.m-x.com.mx\">www.m-x.com.mx<\/a> cerca de 400 mil personas migrantes originarias de Centroam\u00e9rica llegan a M\u00e9xico anualmente. Durante el a\u00f1o 2022, las autoridades migratorias registraron un total de 444 mil 439 personas en situaci\u00f3n migratoria irregular alojadas en el pa\u00eds, en su mayor\u00eda originarias de Am\u00e9rica Central y paralelamente se contabiliz\u00f3 un aumento considerable de venezolanos hasta alcanzar los 97 mil 78 ingresos.<\/p>\n\n\n\n<p>En su trayecto y estancia por tierras mexicanas, las poblaciones migrantes tambi\u00e9n deben enfrentarse a grupos delictivos que se benefician de su situaci\u00f3n de vulnerabilidad, como agrupaciones dedicadas al narcotr\u00e1fico, la trata de personas e incluso a actos de corrupci\u00f3n de las mismas autoridades mexicanas.<\/p>\n\n\n\n<p>El pasado 26 de marzo un grupo de migrantes provenientes de Guatemala, Honduras, El Salvador, Venezuela y otros pa\u00edses, quedaron atrapados en la intensidad de un incendio al interior de la estaci\u00f3n migratoria de Ciudad Ju\u00e1rez, Chihuahua; despu\u00e9s del incidente se dio a conocer que estaban detenidos sin justificaci\u00f3n, algunos por tiempo prolongado, bajo llave y que los funcionarios a cargo no hicieron nada para abrir las rejas y dejarlos salir, conducta que provoc\u00f3 la muerte de 39 migrantes y 27 m\u00e1s heridas, algunas de gravedad. \u00a1Cu\u00e1nta indiferencia!<\/p>\n\n\n\n<p>A nivel Latinoam\u00e9rica, M\u00e9xico es el pa\u00eds que tiene m\u00e1s estaciones migratorias o m\u00e1s bien debemos llamarlos centros de privaci\u00f3n de libertad de personas en movilidad -migrantes-, con un total de 50 a lo largo y ancho de la geograf\u00eda mexicana; a partir de 2019, debido al incremento de las caravanas migratorias, el Estado mexicano implement\u00f3 todo un dispositivo de seguridad y control fronterizo -quiz\u00e1s por presiones derivadas de la pol\u00edtica internacional- pero, con la llegada de la Guardia Nacional se reforz\u00f3 la criminalizaci\u00f3n de las personas en situaci\u00f3n de migraci\u00f3n, generando impactos importantes en los grupos de atenci\u00f3n prioritaria como son las mujeres solas y con hijos, mujeres embarazadas, ni\u00f1as, adolescentes no acompa\u00f1ados, adultos mayores, personas de la diversidad sexual, entre otros.<\/p>\n\n\n\n<p>En M\u00e9xico, la detenci\u00f3n migratoria es obligatoria, es generalizada, es sistem\u00e1tica, es autom\u00e1tica y arbitraria, tratando a las personas en calidad migratoria irregular como viles delincuentes, aprovech\u00e1ndose de su condici\u00f3n de vulnerabilidad, alej\u00e1ndose de las medidas de protecci\u00f3n internacional estipuladas en nuestro marco legal, pues olvidan que entrar a territorio mexicano de manera irregular NO es un delito\u2026Hoy por hoy en M\u00e9xico se vulneran los derechos humanos de la poblaci\u00f3n migrante\u2026<\/p>\n","protected":false},"excerpt":{"rendered":"<p>Gladys de L. P\u00e9rez Maldonado En los \u00faltimos a\u00f1os se ha vuelto normal hablar de \u201cmigraci\u00f3n\u201d, de los \u201cmigrantes\u201d, del problema socioecon\u00f3mico que genera el flujo migratorio en nuestro territorio, los medios de comunicaci\u00f3n frecuentemente toman nota de este fen\u00f3meno mundial. No es un tema que sea extra\u00f1o, pues muchas personas de nosotras tenemos alg\u00fan [&hellip;]<\/p>\n","protected":false},"author":45,"featured_media":33566,"comment_status":"open","ping_status":"open","sticky":false,"template":"","format":"standard","meta":{"_monsterinsights_skip_tracking":false,"_monsterinsights_sitenote_active":false,"_monsterinsights_sitenote_note":"","_monsterinsights_sitenote_category":0,"footnotes":""},"categories":[15405],"tags":[15415],"class_list":["post-101593","post","type-post","status-publish","format-standard","has-post-thumbnail","hentry","category-alguien-como-tu","tag-gladys-perez-maldonado","wp-image-borders"],"amp_enabled":true,"_links":{"self":[{"href":"https:\/\/nvnoticias.mx\/index.php\/wp-json\/wp\/v2\/posts\/101593","targetHints":{"allow":["GET"]}}],"collection":[{"href":"https:\/\/nvnoticias.mx\/index.php\/wp-json\/wp\/v2\/posts"}],"about":[{"href":"https:\/\/nvnoticias.mx\/index.php\/wp-json\/wp\/v2\/types\/post"}],"author":[{"embeddable":true,"href":"https:\/\/nvnoticias.mx\/index.php\/wp-json\/wp\/v2\/users\/45"}],"replies":[{"embeddable":true,"href":"https:\/\/nvnoticias.mx\/index.php\/wp-json\/wp\/v2\/comments?post=101593"}],"version-history":[{"count":1,"href":"https:\/\/nvnoticias.mx\/index.php\/wp-json\/wp\/v2\/posts\/101593\/revisions"}],"predecessor-version":[{"id":101594,"href":"https:\/\/nvnoticias.mx\/index.php\/wp-json\/wp\/v2\/posts\/101593\/revisions\/101594"}],"wp:featuredmedia":[{"embeddable":true,"href":"https:\/\/nvnoticias.mx\/index.php\/wp-json\/wp\/v2\/media\/33566"}],"wp:attachment":[{"href":"https:\/\/nvnoticias.mx\/index.php\/wp-json\/wp\/v2\/media?parent=101593"}],"wp:term":[{"taxonomy":"category","embeddable":true,"href":"https:\/\/nvnoticias.mx\/index.php\/wp-json\/wp\/v2\/categories?post=101593"},{"taxonomy":"post_tag","embeddable":true,"href":"https:\/\/nvnoticias.mx\/index.php\/wp-json\/wp\/v2\/tags?post=101593"}],"curies":[{"name":"wp","href":"https:\/\/api.w.org\/{rel}","templated":true}]}}