{"id":101572,"date":"2023-04-02T19:34:59","date_gmt":"2023-04-03T00:34:59","guid":{"rendered":"https:\/\/nvnoticias.mx\/?p=101572"},"modified":"2023-04-02T19:35:00","modified_gmt":"2023-04-03T00:35:00","slug":"reforzaran-estrategia-contra-bullying-en-veracruz-sev","status":"publish","type":"post","link":"https:\/\/nvnoticias.mx\/index.php\/2023\/04\/02\/reforzaran-estrategia-contra-bullying-en-veracruz-sev\/","title":{"rendered":"Reforzar\u00e1n estrategia contra bullying en Veracruz: SEV"},"content":{"rendered":"\n<p>Para contrarrestar los retos nocivos promovidos en redes sociales que perjudican a las y los estudiantes de secundarias y preparatorias, las secretar\u00edas de Educaci\u00f3n de Veracruz y de Seguridad P\u00fablica reforzar\u00e1n y ampliaran las campa\u00f1as de manejo de emociones, prevenci\u00f3n de violencia, consumo de drogas y violencia afirm\u00f3 el secretario de Educaci\u00f3n, Zenyazen Escobar Garc\u00eda.<\/p>\n\n\n\n<p>Inform\u00f3 que desde el gobierno federal solicitaron a la SEV que se atienda las pr\u00e1cticas de retos nocivos usados por menores de edad para jugar, debido a que los ponen en riesgo.<\/p>\n\n\n\n<p>En cuanto al caso de dos alumnas de la Escuela Secundaria T\u00e9cnica Industrial 96, ubicada en Coatzacoalcos en el que pueden ser expulsadas por haber activado un gas pimienta en el aula que da\u00f1\u00f3 a profesores y alumnos, el secretario dijo que analizan el caso, pero no hay el inter\u00e9s de obligarlas a abandonar la escuela.<\/p>\n\n\n\n<p>Con respecto al caso de la desaparici\u00f3n el 09 de diciembre del 2022 de la estudiante de la escuela Telesecundaria de Villa Aldama, Fatima Cristal Gonz\u00e1lez Patlas, y en el que la familia se ha quejado porque la directora Aurora Montero se niega a dar declaraciones a las autoridades, el secretario detall\u00f3 que la investigaci\u00f3n corre a cargo de la Fiscal\u00eda General del Estado (FGE).<\/p>\n","protected":false},"excerpt":{"rendered":"<p>Para contrarrestar los retos nocivos promovidos en redes sociales que perjudican a las y los estudiantes de secundarias y preparatorias, las secretar\u00edas de Educaci\u00f3n de Veracruz y de Seguridad P\u00fablica reforzar\u00e1n y ampliaran las campa\u00f1as de manejo de emociones, prevenci\u00f3n de violencia, consumo de drogas y violencia afirm\u00f3 el secretario de Educaci\u00f3n, Zenyazen Escobar Garc\u00eda. [&hellip;]<\/p>\n","protected":false},"author":8,"featured_media":101573,"comment_status":"open","ping_status":"open","sticky":false,"template":"","format":"standard","meta":{"_monsterinsights_skip_tracking":false,"_monsterinsights_sitenote_active":false,"_monsterinsights_sitenote_note":"","_monsterinsights_sitenote_category":0,"footnotes":""},"categories":[156],"tags":[18996,1001],"class_list":["post-101572","post","type-post","status-publish","format-standard","has-post-thumbnail","hentry","category-estado","tag-bullying","tag-sev","wp-image-borders"],"amp_enabled":true,"_links":{"self":[{"href":"https:\/\/nvnoticias.mx\/index.php\/wp-json\/wp\/v2\/posts\/101572","targetHints":{"allow":["GET"]}}],"collection":[{"href":"https:\/\/nvnoticias.mx\/index.php\/wp-json\/wp\/v2\/posts"}],"about":[{"href":"https:\/\/nvnoticias.mx\/index.php\/wp-json\/wp\/v2\/types\/post"}],"author":[{"embeddable":true,"href":"https:\/\/nvnoticias.mx\/index.php\/wp-json\/wp\/v2\/users\/8"}],"replies":[{"embeddable":true,"href":"https:\/\/nvnoticias.mx\/index.php\/wp-json\/wp\/v2\/comments?post=101572"}],"version-history":[{"count":1,"href":"https:\/\/nvnoticias.mx\/index.php\/wp-json\/wp\/v2\/posts\/101572\/revisions"}],"predecessor-version":[{"id":101574,"href":"https:\/\/nvnoticias.mx\/index.php\/wp-json\/wp\/v2\/posts\/101572\/revisions\/101574"}],"wp:featuredmedia":[{"embeddable":true,"href":"https:\/\/nvnoticias.mx\/index.php\/wp-json\/wp\/v2\/media\/101573"}],"wp:attachment":[{"href":"https:\/\/nvnoticias.mx\/index.php\/wp-json\/wp\/v2\/media?parent=101572"}],"wp:term":[{"taxonomy":"category","embeddable":true,"href":"https:\/\/nvnoticias.mx\/index.php\/wp-json\/wp\/v2\/categories?post=101572"},{"taxonomy":"post_tag","embeddable":true,"href":"https:\/\/nvnoticias.mx\/index.php\/wp-json\/wp\/v2\/tags?post=101572"}],"curies":[{"name":"wp","href":"https:\/\/api.w.org\/{rel}","templated":true}]}}